{"id":26225,"date":"2026-08-31T10:32:29","date_gmt":"2026-08-31T13:32:29","guid":{"rendered":"https:\/\/laquiacanoticias.ar\/?p=26225"},"modified":"2026-08-31T10:32:33","modified_gmt":"2026-08-31T13:32:33","slug":"expojuy-2026-llego-a-la-quiaca-sin-esta-ciudad-no-se-puede-hablar-seriamente-de-desarrollo-en-jujuy","status":"publish","type":"post","link":"https:\/\/laquiacanoticias.ar\/index.php\/2026\/08\/31\/expojuy-2026-llego-a-la-quiaca-sin-esta-ciudad-no-se-puede-hablar-seriamente-de-desarrollo-en-jujuy\/","title":{"rendered":"ExpoJuy 2026 lleg\u00f3 a La Quiaca: \u201cSin esta ciudad no se puede hablar seriamente de desarrollo en Jujuy\u201d"},"content":{"rendered":"\n<p class=\"wp-block-paragraph\"><strong>Los organizadores de ExpoJuy 2026 presentaron la muestra en La Quiaca y dejaron una definici\u00f3n de fuerte impacto regional: la ciudad fronteriza es considerada un actor imprescindible para el desarrollo productivo, comercial, tur\u00edstico y log\u00edstico de Jujuy. Mart\u00edn Llanos, asesor en Comunicaci\u00f3n y Relaciones Institucionales de la C\u00e1mara de Comercio de Jujuy, destac\u00f3 la infraestructura local, su posici\u00f3n geogr\u00e1fica estrat\u00e9gica y agradeci\u00f3 la gesti\u00f3n del intendente Dante Vel\u00e1zquez para ampliar la integraci\u00f3n con municipios de Bolivia.<\/strong><\/p>\n\n\n\n<p class=\"wp-block-paragraph\">La presencia de los organizadores de ExpoJuy 2026 en La Quiaca no fue protocolar ni casual. Mart\u00edn Llanos explic\u00f3 que la ciudad fue elegida porque ocupa un lugar central dentro de cualquier estrategia seria de crecimiento provincial. \u201cLa Quiaca realmente es un actor clave para el desarrollo de la provincia de Jujuy\u201d, sostuvo, al remarcar que su participaci\u00f3n resulta fundamental en una exposici\u00f3n que pretende mostrar el potencial productivo, industrial, cultural y tur\u00edstico de todo el territorio juje\u00f1o.<\/p>\n\n\n<div class=\"wp-block-image\">\n<figure class=\"aligncenter size-large\"><img loading=\"lazy\" decoding=\"async\" width=\"1024\" height=\"768\" src=\"https:\/\/laquiacanoticias.ar\/wp-content\/uploads\/2026\/08\/WhatsApp-Image-2026-08-31-at-10.18.26-1-1024x768.jpeg\" alt=\"\" class=\"wp-image-26227\" srcset=\"https:\/\/laquiacanoticias.ar\/wp-content\/uploads\/2026\/08\/WhatsApp-Image-2026-08-31-at-10.18.26-1-1024x768.jpeg 1024w, https:\/\/laquiacanoticias.ar\/wp-content\/uploads\/2026\/08\/WhatsApp-Image-2026-08-31-at-10.18.26-1-768x576.jpeg 768w, https:\/\/laquiacanoticias.ar\/wp-content\/uploads\/2026\/08\/WhatsApp-Image-2026-08-31-at-10.18.26-1-300x225.jpeg 300w, https:\/\/laquiacanoticias.ar\/wp-content\/uploads\/2026\/08\/WhatsApp-Image-2026-08-31-at-10.18.26-1.jpeg 1280w\" sizes=\"auto, (max-width: 1024px) 100vw, 1024px\" \/><figcaption class=\"wp-element-caption\"><strong>Mart\u00edn Llanos, asesor en Comunicaci\u00f3n y Relaciones Institucionales de la C\u00e1mara de Comercio de Jujuy<\/strong><\/figcaption><\/figure>\n<\/div>\n\n\n<p class=\"wp-block-paragraph\">Llanos fue todav\u00eda m\u00e1s contundente al describir la transformaci\u00f3n que observan desde el sector comercial. Habl\u00f3 de \u201cuna La Quiaca muy diferente, con mucho crecimiento, una La Quiaca moderna\u201d, y resalt\u00f3 una infraestructura que calific\u00f3 como \u201cenvidiable\u201d y poco frecuente incluso entre municipios del pa\u00eds. Esa valoraci\u00f3n se vincula directamente con el lugar que la ciudad empieza a ocupar como plataforma para el comercio exterior, los servicios, el turismo y los corredores internacionales. Para los organizadores de ExpoJuy, La Quiaca ya no puede ser vista solamente como ciudad fronteriza: es una puerta de entrada y un corredor decisivo para el desarrollo provincial.<\/p>\n\n\n\n<p class=\"wp-block-paragraph\">La posici\u00f3n geogr\u00e1fica refuerza todav\u00eda m\u00e1s esa centralidad. Zona Franca, conexi\u00f3n con Bolivia, proyecci\u00f3n hacia corredores bioce\u00e1nicos, posibilidades de reactivaci\u00f3n aeroportuaria y circulaci\u00f3n tur\u00edstica convierten a La Quiaca en un nodo con capacidad de articular mercados del NOA con el espacio andino. Llanos afirm\u00f3 que la ciudad posee \u201cuna posici\u00f3n geogr\u00e1fica realmente privilegiada\u201d y la defini\u00f3 como uno de los ejes de la econom\u00eda y del desarrollo de Jujuy. La lectura es clara: si la provincia pretende ampliar su comercio exterior y desarrollar servicios vinculados al tr\u00e1nsito regional, La Quiaca necesariamente debe formar parte del dise\u00f1o.<\/p>\n\n\n\n<figure class=\"wp-block-image size-large\"><img loading=\"lazy\" decoding=\"async\" width=\"1024\" height=\"768\" src=\"https:\/\/laquiacanoticias.ar\/wp-content\/uploads\/2026\/08\/WhatsApp-Image-2026-08-31-at-10.18.26-1024x768.jpeg\" alt=\"\" class=\"wp-image-26228\" srcset=\"https:\/\/laquiacanoticias.ar\/wp-content\/uploads\/2026\/08\/WhatsApp-Image-2026-08-31-at-10.18.26-1024x768.jpeg 1024w, https:\/\/laquiacanoticias.ar\/wp-content\/uploads\/2026\/08\/WhatsApp-Image-2026-08-31-at-10.18.26-300x225.jpeg 300w, https:\/\/laquiacanoticias.ar\/wp-content\/uploads\/2026\/08\/WhatsApp-Image-2026-08-31-at-10.18.26-768x576.jpeg 768w, https:\/\/laquiacanoticias.ar\/wp-content\/uploads\/2026\/08\/WhatsApp-Image-2026-08-31-at-10.18.26.jpeg 1280w\" sizes=\"auto, (max-width: 1024px) 100vw, 1024px\" \/><\/figure>\n\n\n\n<p class=\"wp-block-paragraph\">Los organizadores tambi\u00e9n valoraron especialmente la gesti\u00f3n del intendente Dante Vel\u00e1zquez para profundizar la integraci\u00f3n internacional desde el municipio. Llanos agradeci\u00f3 el trabajo que permiti\u00f3 acercar a ExpoJuy el compromiso y la vinculaci\u00f3n con gobiernos municipales bolivianos, particularmente de <strong>Potos\u00ed, Tupiza, Villaz\u00f3n y Tarija<\/strong>. En esa estrategia aparece una concepci\u00f3n m\u00e1s amplia de la frontera: no como l\u00edmite, sino como espacio de integraci\u00f3n econ\u00f3mica y pol\u00edtica. Llanos destac\u00f3 expresamente la \u201cpol\u00edtica exterior\u201d que viene llevando adelante Vel\u00e1zquez y se\u00f1al\u00f3 que esa articulaci\u00f3n puede contribuir a conectar a Jujuy hacia Bolivia y, desde all\u00ed, con otros corredores regionales.<\/p>\n\n\n\n<p class=\"wp-block-paragraph\">La presentaci\u00f3n de ExpoJuy 2026 en La Quiaca deja as\u00ed una definici\u00f3n que trasciende a la propia exposici\u00f3n. La frontera norte empieza a ser reconocida por los actores econ\u00f3micos provinciales como una pieza estructural del futuro juje\u00f1o. Su infraestructura, su ubicaci\u00f3n, su comercio, su turismo y su capacidad de conexi\u00f3n internacional la convierten en un territorio donde pueden confluir producci\u00f3n y servicios. <strong>ExpoJuy lleg\u00f3 a La Quiaca porque sus organizadores entendieron algo que empieza a imponerse en la agenda regional: no puede hablarse de desarrollo integral de Jujuy sin incorporar a La Quiaca como uno de sus principales centros estrat\u00e9gicos.<\/strong><\/p>\n","protected":false},"excerpt":{"rendered":"<p>Los organizadores de ExpoJuy 2026 presentaron la muestra en La Quiaca y dejaron una definici\u00f3n de fuerte impacto regional: la ciudad fronteriza es considerada un actor imprescindible para el desarrollo productivo, comercial, tur\u00edstico y log\u00edstico de Jujuy. Mart\u00edn Llanos, asesor en Comunicaci\u00f3n y Relaciones Institucionales de la C\u00e1mara de Comercio de Jujuy, destac\u00f3 la infraestructura&#8230;<\/p>\n","protected":false},"author":2,"featured_media":26226,"comment_status":"open","ping_status":"open","sticky":false,"template":"","format":"standard","meta":{"_jetpack_memberships_contains_paid_content":false,"footnotes":"","jetpack_publicize_message":"","jetpack_publicize_feature_enabled":true,"jetpack_social_post_already_shared":true,"jetpack_social_options":{"image_generator_settings":{"template":"highway","enabled":false},"version":2}},"categories":[1],"tags":[643,12054,994,9176,2097,1119,12056,2096,3790,81,91,12055,5568,1897,12057,104,3841,6624],"class_list":["post-26225","post","type-post","status-publish","format-standard","has-post-thumbnail","hentry","category-destacado","tag-bolivia","tag-camara-de-comercio-de-jujuy","tag-comercio-exterior","tag-corredores-bioceanicos","tag-dante-velazquez-2","tag-desarrollo-regional","tag-expojuy-2026","tag-infraestructura-2","tag-integracion-regional","tag-jujuy","tag-la-quiaca","tag-martin-llanos","tag-potosi-2","tag-tarija","tag-tupiza","tag-turismo","tag-villazon","tag-zona-franca-la-quiaca"],"jetpack_publicize_connections":[],"jetpack_featured_media_url":"https:\/\/laquiacanoticias.ar\/wp-content\/uploads\/2026\/08\/WhatsApp-Image-2026-08-31-at-10.29.47.jpeg","jetpack_sharing_enabled":true,"_links":{"self":[{"href":"https:\/\/laquiacanoticias.ar\/index.php\/wp-json\/wp\/v2\/posts\/26225","targetHints":{"allow":["GET"]}}],"collection":[{"href":"https:\/\/laquiacanoticias.ar\/index.php\/wp-json\/wp\/v2\/posts"}],"about":[{"href":"https:\/\/laquiacanoticias.ar\/index.php\/wp-json\/wp\/v2\/types\/post"}],"author":[{"embeddable":true,"href":"https:\/\/laquiacanoticias.ar\/index.php\/wp-json\/wp\/v2\/users\/2"}],"replies":[{"embeddable":true,"href":"https:\/\/laquiacanoticias.ar\/index.php\/wp-json\/wp\/v2\/comments?post=26225"}],"version-history":[{"count":1,"href":"https:\/\/laquiacanoticias.ar\/index.php\/wp-json\/wp\/v2\/posts\/26225\/revisions"}],"predecessor-version":[{"id":26229,"href":"https:\/\/laquiacanoticias.ar\/index.php\/wp-json\/wp\/v2\/posts\/26225\/revisions\/26229"}],"wp:featuredmedia":[{"embeddable":true,"href":"https:\/\/laquiacanoticias.ar\/index.php\/wp-json\/wp\/v2\/media\/26226"}],"wp:attachment":[{"href":"https:\/\/laquiacanoticias.ar\/index.php\/wp-json\/wp\/v2\/media?parent=26225"}],"wp:term":[{"taxonomy":"category","embeddable":true,"href":"https:\/\/laquiacanoticias.ar\/index.php\/wp-json\/wp\/v2\/categories?post=26225"},{"taxonomy":"post_tag","embeddable":true,"href":"https:\/\/laquiacanoticias.ar\/index.php\/wp-json\/wp\/v2\/tags?post=26225"}],"curies":[{"name":"wp","href":"https:\/\/api.w.org\/{rel}","templated":true}]}}