{"id":26230,"date":"2026-08-31T12:33:37","date_gmt":"2026-08-31T15:33:37","guid":{"rendered":"https:\/\/laquiacanoticias.ar\/?p=26230"},"modified":"2026-08-31T12:36:40","modified_gmt":"2026-08-31T15:36:40","slug":"la-quiaca-amplia-su-agenda-de-capacitacion-nuevos-cursos-energia-solar-oficios-y-apoyo-escolar","status":"publish","type":"post","link":"https:\/\/laquiacanoticias.ar\/index.php\/2026\/08\/31\/la-quiaca-amplia-su-agenda-de-capacitacion-nuevos-cursos-energia-solar-oficios-y-apoyo-escolar\/","title":{"rendered":"La Quiaca ampl\u00eda su agenda de capacitaci\u00f3n: nuevos cursos, energ\u00eda solar, oficios y apoyo escolar"},"content":{"rendered":"\n<p class=\"wp-block-paragraph\"><strong>Desarrollo Social de la Municipalidad de La Quiaca cerr\u00f3 agosto con la finalizaci\u00f3n del curso de instalaci\u00f3n y fabricaci\u00f3n de termotanques solares y ya abri\u00f3 nuevas inscripciones para propuestas vinculadas a energ\u00eda fotovoltaica, reciclado, gastronom\u00eda, barber\u00eda y apoyo escolar. Anal\u00eda Mur destac\u00f3 la continuidad de una pol\u00edtica de formaci\u00f3n pr\u00e1ctica que combina capacitaci\u00f3n, salida laboral y servicios concretos para los barrios.<\/strong><\/p>\n\n\n\n<p class=\"wp-block-paragraph\">La Direcci\u00f3n de Desarrollo Social de La Quiaca cerr\u00f3 agosto con un balance positivo en materia de capacitaci\u00f3n. Entre 25 y 30 personas finalizaron el curso de instalaci\u00f3n y fabricaci\u00f3n de termotanques solares, dictado en el aula m\u00f3vil y con resoluci\u00f3n ministerial. La propuesta no qued\u00f3 solamente en la teor\u00eda: los participantes realizaron pr\u00e1cticas concretas mediante la instalaci\u00f3n de calefones y termotanques solares en viviendas de distintos barrios, una modalidad que permiti\u00f3 unir formaci\u00f3n t\u00e9cnica con una respuesta directa a necesidades de vecinos de la ciudad.<\/p>\n\n\n\n<figure class=\"wp-block-image size-large\"><img loading=\"lazy\" decoding=\"async\" width=\"1024\" height=\"1024\" src=\"https:\/\/laquiacanoticias.ar\/wp-content\/uploads\/2026\/08\/WhatsApp-Image-2026-08-31-at-12.30.37-2-1024x1024.jpeg\" alt=\"\" class=\"wp-image-26233\" srcset=\"https:\/\/laquiacanoticias.ar\/wp-content\/uploads\/2026\/08\/WhatsApp-Image-2026-08-31-at-12.30.37-2-1024x1024.jpeg 1024w, https:\/\/laquiacanoticias.ar\/wp-content\/uploads\/2026\/08\/WhatsApp-Image-2026-08-31-at-12.30.37-2-300x300-1.jpeg 300w, https:\/\/laquiacanoticias.ar\/wp-content\/uploads\/2026\/08\/WhatsApp-Image-2026-08-31-at-12.30.37-2-768x768.jpeg 768w, https:\/\/laquiacanoticias.ar\/wp-content\/uploads\/2026\/08\/WhatsApp-Image-2026-08-31-at-12.30.37-2-1536x1536.jpeg 1536w, https:\/\/laquiacanoticias.ar\/wp-content\/uploads\/2026\/08\/WhatsApp-Image-2026-08-31-at-12.30.37-2.jpeg 1599w\" sizes=\"auto, (max-width: 1024px) 100vw, 1024px\" \/><\/figure>\n\n\n\n<p class=\"wp-block-paragraph\">A partir de septiembre se abre una nueva etapa. Ya est\u00e1n disponibles las inscripciones para una capacitaci\u00f3n de dos meses en <strong>energ\u00eda solar fotovoltaica y sistemas aut\u00f3nomos<\/strong>, que tambi\u00e9n se dictar\u00e1 en el aula m\u00f3vil. Los interesados pueden anotarse tanto en el CIC de Ruta 5 como en la Oficina de Empleo, de 8 a 13 horas, mientras que el inicio de clases est\u00e1 previsto para el d\u00eda 7. La apuesta por las energ\u00edas renovables adquiere un valor especial en una ciudad como La Quiaca, donde las condiciones geogr\u00e1ficas y clim\u00e1ticas ofrecen un enorme potencial para este tipo de tecnolog\u00edas.<\/p>\n\n\n\n<figure class=\"wp-block-image size-large\"><img loading=\"lazy\" decoding=\"async\" width=\"819\" height=\"1024\" src=\"https:\/\/laquiacanoticias.ar\/wp-content\/uploads\/2026\/08\/WhatsApp-Image-2026-08-31-at-12.30.37-1-819x1024.jpeg\" alt=\"\" class=\"wp-image-26234\" srcset=\"https:\/\/laquiacanoticias.ar\/wp-content\/uploads\/2026\/08\/WhatsApp-Image-2026-08-31-at-12.30.37-1-819x1024.jpeg 819w, https:\/\/laquiacanoticias.ar\/wp-content\/uploads\/2026\/08\/WhatsApp-Image-2026-08-31-at-12.30.37-1-240x300.jpeg 240w, https:\/\/laquiacanoticias.ar\/wp-content\/uploads\/2026\/08\/WhatsApp-Image-2026-08-31-at-12.30.37-1-767x960.jpeg 767w, https:\/\/laquiacanoticias.ar\/wp-content\/uploads\/2026\/08\/WhatsApp-Image-2026-08-31-at-12.30.37-1-1228x1536.jpeg 1228w, https:\/\/laquiacanoticias.ar\/wp-content\/uploads\/2026\/08\/WhatsApp-Image-2026-08-31-at-12.30.37-1.jpeg 1279w\" sizes=\"auto, (max-width: 819px) 100vw, 819px\" \/><\/figure>\n\n\n\n<p class=\"wp-block-paragraph\">La agenda tambi\u00e9n incorpora una amplia variedad de talleres introductorios. Este s\u00e1bado, de 10 a 17 horas en el CIC de Ruta 5, se presentar\u00e1n propuestas de impresi\u00f3n bot\u00e1nica, reciclado creativo de cajones y botellas, esencias arom\u00e1ticas, ecojean, tejido en telar, bordado en ropa, porcelana fr\u00eda, sublimaci\u00f3n y reciclado de pantuflas. A eso se sumar\u00e1n cursos gastron\u00f3micos sobre pan dulce y roscas, budines y mantecones, huevos de Pascua y pasteler\u00eda. La jornada funcionar\u00e1 como una instancia inicial para que los vecinos conozcan cada propuesta antes de incorporarse a las clases regulares.<\/p>\n\n\n\n<figure class=\"wp-block-image size-large\"><img loading=\"lazy\" decoding=\"async\" width=\"819\" height=\"1024\" src=\"https:\/\/laquiacanoticias.ar\/wp-content\/uploads\/2026\/08\/WhatsApp-Image-2026-08-31-at-12.30.37-819x1024.jpeg\" alt=\"\" class=\"wp-image-26235\" srcset=\"https:\/\/laquiacanoticias.ar\/wp-content\/uploads\/2026\/08\/WhatsApp-Image-2026-08-31-at-12.30.37-819x1024.jpeg 819w, https:\/\/laquiacanoticias.ar\/wp-content\/uploads\/2026\/08\/WhatsApp-Image-2026-08-31-at-12.30.37-240x300.jpeg 240w, https:\/\/laquiacanoticias.ar\/wp-content\/uploads\/2026\/08\/WhatsApp-Image-2026-08-31-at-12.30.37-767x959.jpeg 767w, https:\/\/laquiacanoticias.ar\/wp-content\/uploads\/2026\/08\/WhatsApp-Image-2026-08-31-at-12.30.37.jpeg 1122w\" sizes=\"auto, (max-width: 819px) 100vw, 819px\" \/><\/figure>\n\n\n\n<p class=\"wp-block-paragraph\">Otro de los ejes sostenidos es la formaci\u00f3n anual en peluquer\u00eda y barber\u00eda, desarrollada junto al Departamento de Formaci\u00f3n No Formal. Como parte de las pr\u00e1cticas, este martes los alumnos trabajar\u00e1n en el barrio Milagro, donde brindar\u00e1n cortes gratuitos entre las 15 y las 18 horas. La modalidad vuelve a mostrar una l\u00f3gica que atraviesa buena parte de las capacitaciones municipales: aprender haciendo y, al mismo tiempo, generar un servicio comunitario que acerque el Estado a los barrios.<\/p>\n\n\n\n<p class=\"wp-block-paragraph\">La pol\u00edtica de acompa\u00f1amiento educativo tambi\u00e9n contin\u00faa creciendo. Todos los mi\u00e9rcoles se dictan clases de apoyo en matem\u00e1tica, f\u00edsica y qu\u00edmica en el CIC de Ruta 5, tanto por la ma\u00f1ana como por la tarde, a cargo de la profesora Alicia Tejerina. La demanda de adolescentes y j\u00f3venes viene siendo importante y desde Desarrollo Social ya eval\u00faan replicar la experiencia en el barrio San Salvador. Con oficios, energ\u00edas renovables, formaci\u00f3n gastron\u00f3mica y apoyo escolar, La Quiaca consolida una agenda que busca transformar la capacitaci\u00f3n en una herramienta concreta de inclusi\u00f3n, autonom\u00eda y oportunidades.<\/p>\n","protected":false},"excerpt":{"rendered":"<p>Desarrollo Social de la Municipalidad de La Quiaca cerr\u00f3 agosto con la finalizaci\u00f3n del curso de instalaci\u00f3n y fabricaci\u00f3n de termotanques solares y ya abri\u00f3 nuevas inscripciones para propuestas vinculadas a energ\u00eda fotovoltaica, reciclado, gastronom\u00eda, barber\u00eda y apoyo escolar. Anal\u00eda Mur destac\u00f3 la continuidad de una pol\u00edtica de formaci\u00f3n pr\u00e1ctica que combina capacitaci\u00f3n, salida laboral&#8230;<\/p>\n","protected":false},"author":2,"featured_media":26231,"comment_status":"open","ping_status":"open","sticky":false,"template":"","format":"standard","meta":{"_jetpack_memberships_contains_paid_content":false,"footnotes":"","jetpack_publicize_message":"","jetpack_publicize_feature_enabled":true,"jetpack_social_post_already_shared":true,"jetpack_social_options":{"image_generator_settings":{"template":"highway","enabled":false},"version":2}},"categories":[76],"tags":[3382,8856,12058,4093,5152,12059,307,397,10808,9719,5868,6827,5148,91,5814,1604,9394,11289,1608,10930],"class_list":["post-26230","post","type-post","status-publish","format-standard","has-post-thumbnail","hentry","category-actualidad","tag-analia-mur","tag-apoyo-escolar","tag-barberia","tag-capacitacion-laboral","tag-cic-ruta-5","tag-cursos-la-quiaca","tag-desarrollo-social","tag-empleo","tag-energia-fotovoltaica","tag-energia-solar","tag-fisica","tag-gastronomia-2","tag-inclusion-social","tag-la-quiaca","tag-matematica","tag-municipalidad-de-la-quiaca","tag-peluqueria-2","tag-quimica","tag-talleres","tag-termotanques-solares"],"jetpack_publicize_connections":[],"jetpack_featured_media_url":"https:\/\/laquiacanoticias.ar\/wp-content\/uploads\/2026\/08\/WhatsApp-Image-2026-08-31-at-12.29.14.jpeg","jetpack_sharing_enabled":true,"_links":{"self":[{"href":"https:\/\/laquiacanoticias.ar\/index.php\/wp-json\/wp\/v2\/posts\/26230","targetHints":{"allow":["GET"]}}],"collection":[{"href":"https:\/\/laquiacanoticias.ar\/index.php\/wp-json\/wp\/v2\/posts"}],"about":[{"href":"https:\/\/laquiacanoticias.ar\/index.php\/wp-json\/wp\/v2\/types\/post"}],"author":[{"embeddable":true,"href":"https:\/\/laquiacanoticias.ar\/index.php\/wp-json\/wp\/v2\/users\/2"}],"replies":[{"embeddable":true,"href":"https:\/\/laquiacanoticias.ar\/index.php\/wp-json\/wp\/v2\/comments?post=26230"}],"version-history":[{"count":2,"href":"https:\/\/laquiacanoticias.ar\/index.php\/wp-json\/wp\/v2\/posts\/26230\/revisions"}],"predecessor-version":[{"id":26236,"href":"https:\/\/laquiacanoticias.ar\/index.php\/wp-json\/wp\/v2\/posts\/26230\/revisions\/26236"}],"wp:featuredmedia":[{"embeddable":true,"href":"https:\/\/laquiacanoticias.ar\/index.php\/wp-json\/wp\/v2\/media\/26231"}],"wp:attachment":[{"href":"https:\/\/laquiacanoticias.ar\/index.php\/wp-json\/wp\/v2\/media?parent=26230"}],"wp:term":[{"taxonomy":"category","embeddable":true,"href":"https:\/\/laquiacanoticias.ar\/index.php\/wp-json\/wp\/v2\/categories?post=26230"},{"taxonomy":"post_tag","embeddable":true,"href":"https:\/\/laquiacanoticias.ar\/index.php\/wp-json\/wp\/v2\/tags?post=26230"}],"curies":[{"name":"wp","href":"https:\/\/api.w.org\/{rel}","templated":true}]}}