{"id":26237,"date":"2026-08-31T12:41:34","date_gmt":"2026-08-31T15:41:34","guid":{"rendered":"https:\/\/laquiacanoticias.ar\/?p=26237"},"modified":"2026-08-31T12:41:36","modified_gmt":"2026-08-31T15:41:36","slug":"fin-de-semana-con-siniestros-alcoholemia-positiva-y-operativos-de-seguridad-en-la-regional-5","status":"publish","type":"post","link":"https:\/\/laquiacanoticias.ar\/index.php\/2026\/08\/31\/fin-de-semana-con-siniestros-alcoholemia-positiva-y-operativos-de-seguridad-en-la-regional-5\/","title":{"rendered":"Fin de semana con siniestros, alcoholemia positiva y operativos de seguridad en la Regional 5"},"content":{"rendered":"\n<p class=\"wp-block-paragraph\"><strong>El oficial principal Jorge Vera brind\u00f3 el informe policial correspondiente al \u00faltimo fin de semana en la jurisdicci\u00f3n de la Regional 5. Hubo tres siniestros viales en Abra Pampa, uno de ellos sobre Ruta Nacional 9 con un conductor que arroj\u00f3 alcoholemia positiva, adem\u00e1s de una menor de 16 a\u00f1os localizada tras activarse el protocolo de b\u00fasqueda, 14 actas contravencionales y distintos operativos preventivos en actividades masivas de la Puna.<\/strong><\/p>\n\n\n\n<p class=\"wp-block-paragraph\">El hecho de mayor gravedad se registr\u00f3 sobre la <strong>Ruta Nacional 9, en Abra Pampa<\/strong>, donde una camioneta Toyota Hilux impact\u00f3 en la parte trasera de un autom\u00f3vil y ambos veh\u00edculos terminaron fuera de la cinta asf\u00e1ltica. Personal policial y de emergencias intervino en el lugar y se activaron los protocolos correspondientes. De acuerdo con el informe brindado por Vera, al conductor de la camioneta se le practic\u00f3 el test de alcoholemia, que dio resultado positivo.<\/p>\n\n\n\n<p class=\"wp-block-paragraph\">Tambi\u00e9n en Abra Pampa se produjo otro siniestro vial en el que un autom\u00f3vil colision\u00f3 con una mujer que circulaba en bicicleta, aparentemente en contramano. La ciclista debi\u00f3 ser asistida y trasladada al hospital de esa ciudad para su evaluaci\u00f3n. En un tercer episodio, el propietario de un veh\u00edculo que se encontraba estacionado frente a su domicilio advirti\u00f3 al salir que hab\u00eda sido chocado, por lo que tambi\u00e9n se dio intervenci\u00f3n a la dependencia policial correspondiente.<\/p>\n\n\n\n<p class=\"wp-block-paragraph\">Otro de los hechos relevantes estuvo relacionado con la <strong>b\u00fasqueda de una adolescente de 16 a\u00f1os en La Quiaca<\/strong>. Luego de formalizarse la denuncia se activ\u00f3 el protocolo y personal de la Brigada de Investigaciones avanz\u00f3 con las tareas de localizaci\u00f3n. Finalmente, la menor fue encontrada y, tras la consulta con la Fiscal\u00eda interviniente, fue restituida a su progenitora. Vera inform\u00f3 adem\u00e1s que durante el fin de semana se labraron <strong>14 actas contravencionales<\/strong>, entre ellas por consumo de bebidas alcoh\u00f3licas en la v\u00eda p\u00fablica y por eventos que continuaron desarroll\u00e1ndose fuera de los horarios autorizados.<\/p>\n\n\n\n<p class=\"wp-block-paragraph\">La Regional 5 despleg\u00f3 adem\u00e1s un importante operativo de seguridad por el <strong>143\u00b0 aniversario de Abra Pampa<\/strong>, afectando a la totalidad del personal desde la tarde del s\u00e1bado y hasta la finalizaci\u00f3n de las actividades. Tambi\u00e9n se brind\u00f3 cobertura preventiva durante los actos en honor a la Virgen de Santa Rosa de Lima en Casira y en el encuentro futbol\u00edstico correspondiente al torneo amateur entre Gimnasia y Tiro y Juventus de Humahuaca. A esto se sumaron servicios de seguridad en elecciones de embajadoras y representantes estudiantiles de establecimientos comprendidos dentro de la jurisdicci\u00f3n.<\/p>\n\n\n\n<p class=\"wp-block-paragraph\">Consultado sobre otros hechos, Vera confirm\u00f3 que existe una investigaci\u00f3n en la Seccional 16 de Abra Pampa vinculada a una denuncia que involucra a un docente o preceptor, aunque aclar\u00f3 que las actuaciones se encuentran bajo intervenci\u00f3n de la Fiscal\u00eda y no brind\u00f3 mayores detalles. Tambi\u00e9n se\u00f1al\u00f3 que se registraron hechos de violencia de g\u00e9nero durante el fin de semana, actualmente investigados por la Fiscal\u00eda y el Centro de Violencia de G\u00e9nero. Desde la Jefatura Regional se mantienen operativos matutinos, vespertinos y nocturnos con el objetivo de reforzar la prevenci\u00f3n en La Quiaca, Abra Pampa y las distintas localidades de la Puna.<\/p>\n","protected":false},"excerpt":{"rendered":"<p>El oficial principal Jorge Vera brind\u00f3 el informe policial correspondiente al \u00faltimo fin de semana en la jurisdicci\u00f3n de la Regional 5. Hubo tres siniestros viales en Abra Pampa, uno de ellos sobre Ruta Nacional 9 con un conductor que arroj\u00f3 alcoholemia positiva, adem\u00e1s de una menor de 16 a\u00f1os localizada tras activarse el protocolo&#8230;<\/p>\n","protected":false},"author":2,"featured_media":26238,"comment_status":"open","ping_status":"open","sticky":false,"template":"","format":"standard","meta":{"_jetpack_memberships_contains_paid_content":false,"footnotes":"","jetpack_publicize_message":"","jetpack_publicize_feature_enabled":true,"jetpack_social_post_already_shared":true,"jetpack_social_options":{"image_generator_settings":{"template":"highway","enabled":false},"version":2}},"categories":[1],"tags":[373,7851,8435,8576,674,7848,91,5627,3526,3793,7846,5258,268,5287,3387],"class_list":["post-26237","post","type-post","status-publish","format-standard","has-post-thumbnail","hentry","category-destacado","tag-abra-pampa","tag-actas-contravencionales","tag-alcoholemia-positiva","tag-busqueda-de-personas","tag-casira","tag-jorge-vera","tag-la-quiaca","tag-operativos-policiales","tag-policia-de-jujuy","tag-puna-jujena","tag-regional-5","tag-ruta-nacional-9","tag-seguridad","tag-siniestros-viales","tag-violencia-de-genero-2"],"jetpack_publicize_connections":[],"jetpack_featured_media_url":"https:\/\/laquiacanoticias.ar\/wp-content\/uploads\/2026\/08\/WhatsApp-Image-2026-08-31-at-12.35.18.jpeg","jetpack_sharing_enabled":true,"_links":{"self":[{"href":"https:\/\/laquiacanoticias.ar\/index.php\/wp-json\/wp\/v2\/posts\/26237","targetHints":{"allow":["GET"]}}],"collection":[{"href":"https:\/\/laquiacanoticias.ar\/index.php\/wp-json\/wp\/v2\/posts"}],"about":[{"href":"https:\/\/laquiacanoticias.ar\/index.php\/wp-json\/wp\/v2\/types\/post"}],"author":[{"embeddable":true,"href":"https:\/\/laquiacanoticias.ar\/index.php\/wp-json\/wp\/v2\/users\/2"}],"replies":[{"embeddable":true,"href":"https:\/\/laquiacanoticias.ar\/index.php\/wp-json\/wp\/v2\/comments?post=26237"}],"version-history":[{"count":1,"href":"https:\/\/laquiacanoticias.ar\/index.php\/wp-json\/wp\/v2\/posts\/26237\/revisions"}],"predecessor-version":[{"id":26239,"href":"https:\/\/laquiacanoticias.ar\/index.php\/wp-json\/wp\/v2\/posts\/26237\/revisions\/26239"}],"wp:featuredmedia":[{"embeddable":true,"href":"https:\/\/laquiacanoticias.ar\/index.php\/wp-json\/wp\/v2\/media\/26238"}],"wp:attachment":[{"href":"https:\/\/laquiacanoticias.ar\/index.php\/wp-json\/wp\/v2\/media?parent=26237"}],"wp:term":[{"taxonomy":"category","embeddable":true,"href":"https:\/\/laquiacanoticias.ar\/index.php\/wp-json\/wp\/v2\/categories?post=26237"},{"taxonomy":"post_tag","embeddable":true,"href":"https:\/\/laquiacanoticias.ar\/index.php\/wp-json\/wp\/v2\/tags?post=26237"}],"curies":[{"name":"wp","href":"https:\/\/api.w.org\/{rel}","templated":true}]}}