{"id":26247,"date":"2026-08-31T14:42:25","date_gmt":"2026-08-31T17:42:25","guid":{"rendered":"https:\/\/laquiacanoticias.ar\/?p=26247"},"modified":"2026-08-31T14:42:27","modified_gmt":"2026-08-31T17:42:27","slug":"expojuy-2026-se-presento-en-la-quiaca-y-confirmo-a-la-frontera-como-pieza-estrategica-del-desarrollo-provincial","status":"publish","type":"post","link":"https:\/\/laquiacanoticias.ar\/index.php\/2026\/08\/31\/expojuy-2026-se-presento-en-la-quiaca-y-confirmo-a-la-frontera-como-pieza-estrategica-del-desarrollo-provincial\/","title":{"rendered":"ExpoJuy 2026 se present\u00f3 en La Quiaca y confirm\u00f3 a la frontera como pieza estrat\u00e9gica del desarrollo provincial"},"content":{"rendered":"\n<p class=\"wp-block-paragraph\"><strong>La presentaci\u00f3n de ExpoJuy 2026 realizada hoy en el sal\u00f3n del Complejo Cultural Manka Fiesta dej\u00f3 una definici\u00f3n pol\u00edtica y econ\u00f3mica de fuerte peso regional: La Quiaca tendr\u00e1 presencia en la pr\u00f3xima edici\u00f3n de la muestra y fue reconocida como un territorio imprescindible para pensar el desarrollo de Jujuy. El intendente Dante Vel\u00e1zquez destac\u00f3 el valor de descentralizar la agenda provincial y recibir en la ciudad a representantes de la C\u00e1mara de Comercio Exterior, mientras que su presidente, Jorge Gurrieri, particip\u00f3 mediante videoconferencia y confirm\u00f3 su intenci\u00f3n de visitar La Quiaca durante la Manka Fiesta de octubre.<\/strong><\/p>\n\n\n\n<figure class=\"wp-block-image size-large\"><img loading=\"lazy\" decoding=\"async\" width=\"1024\" height=\"768\" src=\"https:\/\/laquiacanoticias.ar\/wp-content\/uploads\/2026\/08\/WhatsApp-Image-2026-08-31-at-13.21.48-1024x768.jpeg\" alt=\"\" class=\"wp-image-26250\" srcset=\"https:\/\/laquiacanoticias.ar\/wp-content\/uploads\/2026\/08\/WhatsApp-Image-2026-08-31-at-13.21.48-1024x768.jpeg 1024w, https:\/\/laquiacanoticias.ar\/wp-content\/uploads\/2026\/08\/WhatsApp-Image-2026-08-31-at-13.21.48-768x576.jpeg 768w, https:\/\/laquiacanoticias.ar\/wp-content\/uploads\/2026\/08\/WhatsApp-Image-2026-08-31-at-13.21.48-300x225.jpeg 300w, https:\/\/laquiacanoticias.ar\/wp-content\/uploads\/2026\/08\/WhatsApp-Image-2026-08-31-at-13.21.48.jpeg 1280w\" sizes=\"auto, (max-width: 1024px) 100vw, 1024px\" \/><\/figure>\n\n\n\n<p class=\"wp-block-paragraph\">La jornada tuvo un fuerte contenido institucional porque llev\u00f3 la presentaci\u00f3n de ExpoJuy fuera de San Salvador y la instal\u00f3 en una ciudad que viene buscando consolidarse como puerta norte de la Argentina y nodo de integraci\u00f3n regional. Vel\u00e1zquez remarc\u00f3 que La Quiaca ya hab\u00eda tenido una participaci\u00f3n destacada en la edici\u00f3n 2024, con dos stands y una presencia que busc\u00f3 mostrar no s\u00f3lo producci\u00f3n y comercio, sino tambi\u00e9n la responsabilidad estrat\u00e9gica de una ciudad fronteriza que, seg\u00fan expres\u00f3, \u201cintegra a la Argentina al continente\u201d.<\/p>\n\n\n\n<figure class=\"wp-block-image size-large\"><img loading=\"lazy\" decoding=\"async\" width=\"1024\" height=\"768\" src=\"https:\/\/laquiacanoticias.ar\/wp-content\/uploads\/2026\/08\/WhatsApp-Image-2026-08-31-at-13.21.50-1024x768.jpeg\" alt=\"\" class=\"wp-image-26251\" srcset=\"https:\/\/laquiacanoticias.ar\/wp-content\/uploads\/2026\/08\/WhatsApp-Image-2026-08-31-at-13.21.50-1024x768.jpeg 1024w, https:\/\/laquiacanoticias.ar\/wp-content\/uploads\/2026\/08\/WhatsApp-Image-2026-08-31-at-13.21.50-300x225.jpeg 300w, https:\/\/laquiacanoticias.ar\/wp-content\/uploads\/2026\/08\/WhatsApp-Image-2026-08-31-at-13.21.50-768x576.jpeg 768w, https:\/\/laquiacanoticias.ar\/wp-content\/uploads\/2026\/08\/WhatsApp-Image-2026-08-31-at-13.21.50.jpeg 1280w\" sizes=\"auto, (max-width: 1024px) 100vw, 1024px\" \/><\/figure>\n\n\n\n<p class=\"wp-block-paragraph\">El intendente confirm\u00f3 adem\u00e1s que <strong>La Quiaca participar\u00e1 de ExpoJuy 2026<\/strong> y vincul\u00f3 esa presencia con una agenda m\u00e1s amplia de integraci\u00f3n econ\u00f3mica y cultural. Record\u00f3 los convenios celebrados con ciudades y municipios de Bolivia, entre ellos Tupiza, Tarija, Potos\u00ed, Uyuni y otras localidades, y plante\u00f3 que la construcci\u00f3n de corredores, v\u00ednculos comerciales y hermandad regional es parte de una estrategia de posicionamiento geopol\u00edtico para toda la Puna.<\/p>\n\n\n\n<figure class=\"wp-block-image size-large\"><img loading=\"lazy\" decoding=\"async\" width=\"1024\" height=\"768\" src=\"https:\/\/laquiacanoticias.ar\/wp-content\/uploads\/2026\/08\/WhatsApp-Image-2026-08-31-at-13.21.49-2-1024x768.jpeg\" alt=\"\" class=\"wp-image-26253\" srcset=\"https:\/\/laquiacanoticias.ar\/wp-content\/uploads\/2026\/08\/WhatsApp-Image-2026-08-31-at-13.21.49-2-1024x768.jpeg 1024w, https:\/\/laquiacanoticias.ar\/wp-content\/uploads\/2026\/08\/WhatsApp-Image-2026-08-31-at-13.21.49-2-768x576.jpeg 768w, https:\/\/laquiacanoticias.ar\/wp-content\/uploads\/2026\/08\/WhatsApp-Image-2026-08-31-at-13.21.49-2-300x225.jpeg 300w, https:\/\/laquiacanoticias.ar\/wp-content\/uploads\/2026\/08\/WhatsApp-Image-2026-08-31-at-13.21.49-2.jpeg 1280w\" sizes=\"auto, (max-width: 1024px) 100vw, 1024px\" \/><\/figure>\n\n\n\n<p class=\"wp-block-paragraph\">La presentaci\u00f3n tuvo como escenario al Complejo Cultural Manka Fiesta, un espacio que simboliza justamente esa nueva etapa de proyecci\u00f3n de la ciudad. Vel\u00e1zquez volvi\u00f3 a poner en valor la ancestralidad de la Manka Fiesta, a la que defini\u00f3 como una de las expresiones m\u00e1s antiguas de intercambio de Sudam\u00e9rica, y la relacion\u00f3 con la capacidad hist\u00f3rica de La Quiaca para conectar culturas, productos y territorios. Tambi\u00e9n adelant\u00f3 que en octubre habr\u00e1 nuevas actividades vinculadas a saberes y sabores, con participaci\u00f3n de la UNJu, autoridades provinciales y gobiernos locales, en una propuesta que busca trascender fronteras.<\/p>\n\n\n\n<p class=\"wp-block-paragraph\">Otro de los ejes centrales fue la Zona Franca. Vel\u00e1zquez sostuvo que su puesta en marcha puede transformar la escala comercial de La Quiaca y abrir una etapa de crecimiento para peque\u00f1os productores, comerciantes y empresarios locales. En ese contexto, reclam\u00f3 una mayor presencia institucional de las c\u00e1maras empresarias en el territorio para conocer de primera mano la realidad de quienes producen y comercian en una frontera que, adem\u00e1s de generar actividad econ\u00f3mica, cumple una funci\u00f3n de soberan\u00eda nacional.<\/p>\n\n\n\n<figure class=\"wp-block-image size-large\"><img loading=\"lazy\" decoding=\"async\" width=\"1024\" height=\"768\" src=\"https:\/\/laquiacanoticias.ar\/wp-content\/uploads\/2026\/08\/WhatsApp-Image-2026-08-31-at-13.21.49-1-1-1024x768.jpeg\" alt=\"\" class=\"wp-image-26252\" srcset=\"https:\/\/laquiacanoticias.ar\/wp-content\/uploads\/2026\/08\/WhatsApp-Image-2026-08-31-at-13.21.49-1-1-1024x768.jpeg 1024w, https:\/\/laquiacanoticias.ar\/wp-content\/uploads\/2026\/08\/WhatsApp-Image-2026-08-31-at-13.21.49-1-1-300x225.jpeg 300w, https:\/\/laquiacanoticias.ar\/wp-content\/uploads\/2026\/08\/WhatsApp-Image-2026-08-31-at-13.21.49-1-1-768x576.jpeg 768w, https:\/\/laquiacanoticias.ar\/wp-content\/uploads\/2026\/08\/WhatsApp-Image-2026-08-31-at-13.21.49-1-1.jpeg 1280w\" sizes=\"auto, (max-width: 1024px) 100vw, 1024px\" \/><\/figure>\n\n\n\n<p class=\"wp-block-paragraph\">Por su parte, <strong>Jorge Gurrieri<\/strong>, presidente de la C\u00e1mara de Comercio Exterior de Jujuy, particip\u00f3 de manera remota a trav\u00e9s de una transmisi\u00f3n por Meet debido a problemas de salud que le impidieron viajar hasta La Quiaca. Desde all\u00ed envi\u00f3 su saludo a las autoridades y a los participantes y asumi\u00f3 el compromiso de estar personalmente en la ciudad durante las celebraciones de la <strong>Manka Fiesta en octubre<\/strong>. Su intervenci\u00f3n reforz\u00f3 el sentido de la convocatoria: acercar la ExpoJuy al territorio y reconocer que el desarrollo provincial no puede pensarse solamente desde la capital.<\/p>\n\n\n\n<p class=\"wp-block-paragraph\">La presentaci\u00f3n de ExpoJuy 2026 dej\u00f3 as\u00ed una se\u00f1al pol\u00edtica concreta. La Quiaca no ser\u00e1 un actor perif\u00e9rico de la muestra, sino parte de su construcci\u00f3n regional. Zona Franca, corredores internacionales, comercio exterior, cultura ancestral, turismo e integraci\u00f3n con Bolivia comienzan a ser presentados como piezas de una misma estrategia. <strong>Descentralizar ExpoJuy y llevar su lanzamiento al Complejo Cultural Manka Fiesta no fue s\u00f3lo una decisi\u00f3n organizativa: fue una forma de reconocer que el futuro productivo de Jujuy tambi\u00e9n se juega en su frontera norte.<\/strong><\/p>\n","protected":false},"excerpt":{"rendered":"<p>La presentaci\u00f3n de ExpoJuy 2026 realizada hoy en el sal\u00f3n del Complejo Cultural Manka Fiesta dej\u00f3 una definici\u00f3n pol\u00edtica y econ\u00f3mica de fuerte peso regional: La Quiaca tendr\u00e1 presencia en la pr\u00f3xima edici\u00f3n de la muestra y fue reconocida como un territorio imprescindible para pensar el desarrollo de Jujuy. El intendente Dante Vel\u00e1zquez destac\u00f3 el&#8230;<\/p>\n","protected":false},"author":2,"featured_media":26249,"comment_status":"open","ping_status":"open","sticky":false,"template":"","format":"standard","meta":{"_jetpack_memberships_contains_paid_content":false,"footnotes":"","jetpack_publicize_message":"","jetpack_publicize_feature_enabled":true,"jetpack_social_post_already_shared":true,"jetpack_social_options":{"image_generator_settings":{"template":"highway","enabled":false},"version":2}},"categories":[1],"tags":[643,12067,994,9553,9176,2097,1119,12056,8347,12068,91,928,12069,282,104,6624],"class_list":["post-26247","post","type-post","status-publish","format-standard","has-post-thumbnail","hentry","category-destacado","tag-bolivia","tag-camara-de-comercio-exterior-de-jujuy","tag-comercio-exterior","tag-complejo-cultural-manka-fiesta","tag-corredores-bioceanicos","tag-dante-velazquez-2","tag-desarrollo-regional","tag-expojuy-2026","tag-integracion-fronteriza","tag-jorge-gurrieri","tag-la-quiaca","tag-manka-fiesta","tag-produccion-jujena","tag-puna","tag-turismo","tag-zona-franca-la-quiaca"],"jetpack_publicize_connections":[],"jetpack_featured_media_url":"https:\/\/laquiacanoticias.ar\/wp-content\/uploads\/2026\/08\/WhatsApp-Image-2026-08-31-at-13.21.49.jpeg","jetpack_sharing_enabled":true,"_links":{"self":[{"href":"https:\/\/laquiacanoticias.ar\/index.php\/wp-json\/wp\/v2\/posts\/26247","targetHints":{"allow":["GET"]}}],"collection":[{"href":"https:\/\/laquiacanoticias.ar\/index.php\/wp-json\/wp\/v2\/posts"}],"about":[{"href":"https:\/\/laquiacanoticias.ar\/index.php\/wp-json\/wp\/v2\/types\/post"}],"author":[{"embeddable":true,"href":"https:\/\/laquiacanoticias.ar\/index.php\/wp-json\/wp\/v2\/users\/2"}],"replies":[{"embeddable":true,"href":"https:\/\/laquiacanoticias.ar\/index.php\/wp-json\/wp\/v2\/comments?post=26247"}],"version-history":[{"count":1,"href":"https:\/\/laquiacanoticias.ar\/index.php\/wp-json\/wp\/v2\/posts\/26247\/revisions"}],"predecessor-version":[{"id":26254,"href":"https:\/\/laquiacanoticias.ar\/index.php\/wp-json\/wp\/v2\/posts\/26247\/revisions\/26254"}],"wp:featuredmedia":[{"embeddable":true,"href":"https:\/\/laquiacanoticias.ar\/index.php\/wp-json\/wp\/v2\/media\/26249"}],"wp:attachment":[{"href":"https:\/\/laquiacanoticias.ar\/index.php\/wp-json\/wp\/v2\/media?parent=26247"}],"wp:term":[{"taxonomy":"category","embeddable":true,"href":"https:\/\/laquiacanoticias.ar\/index.php\/wp-json\/wp\/v2\/categories?post=26247"},{"taxonomy":"post_tag","embeddable":true,"href":"https:\/\/laquiacanoticias.ar\/index.php\/wp-json\/wp\/v2\/tags?post=26247"}],"curies":[{"name":"wp","href":"https:\/\/api.w.org\/{rel}","templated":true}]}}