{"id":26255,"date":"2026-08-31T14:51:36","date_gmt":"2026-08-31T17:51:36","guid":{"rendered":"https:\/\/laquiacanoticias.ar\/?p=26255"},"modified":"2026-08-31T14:51:39","modified_gmt":"2026-08-31T17:51:39","slug":"la-quiaca-impulsa-una-gran-rifa-pastoral-para-acompanar-a-los-jovenes-y-fortalecer-la-esperanza","status":"publish","type":"post","link":"https:\/\/laquiacanoticias.ar\/index.php\/2026\/08\/31\/la-quiaca-impulsa-una-gran-rifa-pastoral-para-acompanar-a-los-jovenes-y-fortalecer-la-esperanza\/","title":{"rendered":"La Quiaca impulsa una gran rifa pastoral para acompa\u00f1ar a los j\u00f3venes y fortalecer la esperanza"},"content":{"rendered":"\n<p class=\"wp-block-paragraph\"><strong>La Pastoral Juvenil de La Quiaca lanz\u00f3 una gran rifa solidaria que ser\u00e1 sorteada el pr\u00f3ximo 28 de septiembre de 2026, con el objetivo de acompa\u00f1ar las actividades de los j\u00f3venes y sostener espacios de encuentro, fe y formaci\u00f3n. La hermana mercedaria Pascuala Ger\u00f3nimo destac\u00f3 la importancia de apoyar estas iniciativas comunitarias, que buscan contener, reunir y dar protagonismo a las nuevas generaciones.<\/strong><\/p>\n\n\n\n<p class=\"wp-block-paragraph\">La propuesta se desarrolla bajo una consigna clara: <strong>\u201cCon los j\u00f3venes, con fe y esperanza, construimos un mundo mejor\u201d<\/strong>. La rifa tiene un valor de <strong>$2.000 por n\u00famero<\/strong> y forma parte de las acciones que lleva adelante la Pastoral Juvenil para generar recursos que permitan sostener sus actividades, encuentros y proyectos. En tiempos de dificultades econ\u00f3micas, la iniciativa apela a la colaboraci\u00f3n de la comunidad como una forma concreta de acompa\u00f1ar a los adolescentes y j\u00f3venes de La Quiaca.<\/p>\n\n\n\n<p class=\"wp-block-paragraph\">Los premios tambi\u00e9n buscan incentivar la participaci\u00f3n. El <strong>primer premio ser\u00e1 un horno semiindustrial<\/strong>, el segundo una <strong>jarra el\u00e9ctrica<\/strong> y el tercero un <strong>juego de tazas<\/strong>. El sorteo est\u00e1 previsto para el 28 de septiembre y desde la organizaci\u00f3n invitaron a vecinos, familias, comerciantes y personas comprometidas con la vida comunitaria a sumarse adquiriendo un n\u00famero.<\/p>\n\n\n\n<p class=\"wp-block-paragraph\">La hermana Pascuala Ger\u00f3nimo viene resaltando la necesidad de crear espacios donde las personas puedan encontrarse, ser escuchadas y sentirse acompa\u00f1adas. En este caso, la mirada se dirige especialmente hacia los j\u00f3venes, entendiendo que la contenci\u00f3n, la espiritualidad, la participaci\u00f3n y la construcci\u00f3n de v\u00ednculos positivos son herramientas fundamentales frente a una realidad social que muchas veces los expone al aislamiento, la falta de oportunidades y la incertidumbre.<\/p>\n\n\n\n<p class=\"wp-block-paragraph\">La campa\u00f1a incorpora adem\u00e1s un mensaje de bienvenida al <strong>Papa Le\u00f3n XIV<\/strong>, reforzando el esp\u00edritu eclesial de la propuesta y la idea de una Iglesia cercana a los j\u00f3venes. La Pastoral busca que la rifa no sea solamente una actividad para recaudar fondos, sino tambi\u00e9n una oportunidad para fortalecer el compromiso comunitario: cada colaboraci\u00f3n permite sostener espacios donde los j\u00f3venes puedan participar, organizarse y sentirse protagonistas.<\/p>\n\n\n\n<p class=\"wp-block-paragraph\">Desde La Quiaca, la iniciativa vuelve a demostrar el fuerte entramado social que existe entre instituciones religiosas, familias y comunidad. <strong>Ayudar a la Pastoral Juvenil significa invertir en espacios de encuentro y acompa\u00f1amiento para quienes representan el presente y el futuro de la ciudad<\/strong>, una tarea que la hermana Pascuala y las comunidades religiosas vienen sosteniendo con una presencia activa en distintos sectores de la Puna.<\/p>\n","protected":false},"excerpt":{"rendered":"<p>La Pastoral Juvenil de La Quiaca lanz\u00f3 una gran rifa solidaria que ser\u00e1 sorteada el pr\u00f3ximo 28 de septiembre de 2026, con el objetivo de acompa\u00f1ar las actividades de los j\u00f3venes y sostener espacios de encuentro, fe y formaci\u00f3n. La hermana mercedaria Pascuala Ger\u00f3nimo destac\u00f3 la importancia de apoyar estas iniciativas comunitarias, que buscan contener,&#8230;<\/p>\n","protected":false},"author":2,"featured_media":26256,"comment_status":"open","ping_status":"open","sticky":false,"template":"","format":"standard","meta":{"_jetpack_memberships_contains_paid_content":false,"footnotes":"","jetpack_publicize_message":"","jetpack_publicize_feature_enabled":true,"jetpack_social_post_already_shared":true,"jetpack_social_options":{"image_generator_settings":{"template":"highway","enabled":false},"version":2}},"categories":[1],"tags":[691,5504,4941,7077,608,7222,81,6611,91,12070,7081,7078,3793,5145,250],"class_list":["post-26255","post","type-post","status-publish","format-standard","has-post-thumbnail","hentry","category-destacado","tag-comunidad","tag-esperanza-2","tag-fe","tag-hermanas-mercedarias","tag-iglesia","tag-jovenes-3","tag-jujuy","tag-juventud-quiaquena","tag-la-quiaca","tag-papa-leon-xiv","tag-pascuala-geronimo","tag-pastoral-juvenil","tag-puna-jujena","tag-rifa-solidaria","tag-solidaridad"],"jetpack_publicize_connections":[],"jetpack_featured_media_url":"https:\/\/laquiacanoticias.ar\/wp-content\/uploads\/2026\/08\/WhatsApp-Image-2026-08-31-at-12.33.53.jpeg","jetpack_sharing_enabled":true,"_links":{"self":[{"href":"https:\/\/laquiacanoticias.ar\/index.php\/wp-json\/wp\/v2\/posts\/26255","targetHints":{"allow":["GET"]}}],"collection":[{"href":"https:\/\/laquiacanoticias.ar\/index.php\/wp-json\/wp\/v2\/posts"}],"about":[{"href":"https:\/\/laquiacanoticias.ar\/index.php\/wp-json\/wp\/v2\/types\/post"}],"author":[{"embeddable":true,"href":"https:\/\/laquiacanoticias.ar\/index.php\/wp-json\/wp\/v2\/users\/2"}],"replies":[{"embeddable":true,"href":"https:\/\/laquiacanoticias.ar\/index.php\/wp-json\/wp\/v2\/comments?post=26255"}],"version-history":[{"count":1,"href":"https:\/\/laquiacanoticias.ar\/index.php\/wp-json\/wp\/v2\/posts\/26255\/revisions"}],"predecessor-version":[{"id":26257,"href":"https:\/\/laquiacanoticias.ar\/index.php\/wp-json\/wp\/v2\/posts\/26255\/revisions\/26257"}],"wp:featuredmedia":[{"embeddable":true,"href":"https:\/\/laquiacanoticias.ar\/index.php\/wp-json\/wp\/v2\/media\/26256"}],"wp:attachment":[{"href":"https:\/\/laquiacanoticias.ar\/index.php\/wp-json\/wp\/v2\/media?parent=26255"}],"wp:term":[{"taxonomy":"category","embeddable":true,"href":"https:\/\/laquiacanoticias.ar\/index.php\/wp-json\/wp\/v2\/categories?post=26255"},{"taxonomy":"post_tag","embeddable":true,"href":"https:\/\/laquiacanoticias.ar\/index.php\/wp-json\/wp\/v2\/tags?post=26255"}],"curies":[{"name":"wp","href":"https:\/\/api.w.org\/{rel}","templated":true}]}}