{"id":26258,"date":"2026-08-31T18:03:46","date_gmt":"2026-08-31T21:03:46","guid":{"rendered":"https:\/\/laquiacanoticias.ar\/?p=26258"},"modified":"2026-08-31T18:03:49","modified_gmt":"2026-08-31T21:03:49","slug":"justicia-social-en-la-quiaca-el-municipio-transformo-una-necesidad-urgente-en-una-solucion-concreta-para-una-familia","status":"publish","type":"post","link":"https:\/\/laquiacanoticias.ar\/index.php\/2026\/08\/31\/justicia-social-en-la-quiaca-el-municipio-transformo-una-necesidad-urgente-en-una-solucion-concreta-para-una-familia\/","title":{"rendered":"Justicia social en La Quiaca: el municipio transform\u00f3 una necesidad urgente en una soluci\u00f3n concreta para una familia"},"content":{"rendered":"\n<p class=\"wp-block-paragraph\"><strong>Bel\u00e9n Dom\u00ednguez, vecina del barrio Perpetuo Socorro y madre a cargo de una ni\u00f1a, cerr\u00f3 agosto con una transformaci\u00f3n esencial en su hogar: recibi\u00f3 oficialmente un ba\u00f1o completo, las conexiones a las redes de agua y cloacas y la documentaci\u00f3n necesaria para avanzar con la instalaci\u00f3n el\u00e9ctrica domiciliaria. La respuesta fue posible mediante la articulaci\u00f3n entre Desarrollo Social, Obras y Servicios P\u00fablicos, el \u00e1rea el\u00e9ctrica municipal, referentes barriales y vecinos. El intendente Dante Vel\u00e1zquez y la responsable de Desarrollo Social, Anal\u00eda Mur, acompa\u00f1aron la entrega y reivindicaron la unidad comunitaria como herramienta para llegar donde existe una necesidad concreta.<\/strong><\/p>\n\n\n\n<figure class=\"wp-block-image size-large\"><img loading=\"lazy\" decoding=\"async\" width=\"1024\" height=\"768\" src=\"https:\/\/laquiacanoticias.ar\/wp-content\/uploads\/2026\/08\/WhatsApp-Image-2026-08-31-at-17.53.51-1024x768.jpeg\" alt=\"\" class=\"wp-image-26261\" srcset=\"https:\/\/laquiacanoticias.ar\/wp-content\/uploads\/2026\/08\/WhatsApp-Image-2026-08-31-at-17.53.51-1024x768.jpeg 1024w, https:\/\/laquiacanoticias.ar\/wp-content\/uploads\/2026\/08\/WhatsApp-Image-2026-08-31-at-17.53.51-300x225.jpeg 300w, https:\/\/laquiacanoticias.ar\/wp-content\/uploads\/2026\/08\/WhatsApp-Image-2026-08-31-at-17.53.51-768x576.jpeg 768w, https:\/\/laquiacanoticias.ar\/wp-content\/uploads\/2026\/08\/WhatsApp-Image-2026-08-31-at-17.53.51.jpeg 1280w\" sizes=\"auto, (max-width: 1024px) 100vw, 1024px\" \/><\/figure>\n\n\n\n<p class=\"wp-block-paragraph\">Hay obras que pueden medirse en millones de pesos y otras cuyo verdadero tama\u00f1o s\u00f3lo puede comprenderse mirando la vida que modifican. En el barrio <strong>Perpetuo Socorro<\/strong>, en la zona sudeste de La Quiaca, la situaci\u00f3n de Bel\u00e9n Dom\u00ednguez lleg\u00f3 a conocimiento de la Secretar\u00eda de Desarrollo Social, conducida por la licenciada <strong>Anal\u00eda Mur<\/strong>. A partir de un relevamiento en territorio comenz\u00f3 una intervenci\u00f3n destinada a resolver necesidades b\u00e1sicas de una vivienda donde Bel\u00e9n sostiene su hogar y tiene bajo su responsabilidad a una ni\u00f1a. El objetivo no fue entregar una ayuda circunstancial, sino incorporar condiciones elementales de dignidad: ba\u00f1o, saneamiento, agua y electricidad.<\/p>\n\n\n\n<p class=\"wp-block-paragraph\">El trabajo involucr\u00f3 a distintas \u00e1reas municipales. Desarrollo Social coordin\u00f3 la intervenci\u00f3n; personal de Obras y Servicios P\u00fablicos avanz\u00f3 con la construcci\u00f3n e instalaci\u00f3n integral del ba\u00f1o; se concret\u00f3 la vinculaci\u00f3n a la <strong>red cloacal y de agua<\/strong>, mientras que el \u00e1rea el\u00e9ctrica trabaj\u00f3 sobre los requerimientos necesarios para que la familia pueda acceder formalmente al servicio. Como parte de ese proceso, el intendente entreg\u00f3 a Bel\u00e9n la <strong>habilitaci\u00f3n de los planos<\/strong>, paso indispensable para continuar con la instalaci\u00f3n domiciliaria ante EJESA. La gesti\u00f3n muestra el valor de un Estado municipal capaz de detectar una vulnerabilidad y coordinar distintas dependencias hasta convertirla en una soluci\u00f3n.<\/p>\n\n\n\n<figure class=\"wp-block-image size-large\"><img loading=\"lazy\" decoding=\"async\" width=\"1024\" height=\"454\" src=\"https:\/\/laquiacanoticias.ar\/wp-content\/uploads\/2026\/08\/WhatsApp-Image-2026-08-31-at-17.53.18-1-1024x454.jpeg\" alt=\"\" class=\"wp-image-26262\" srcset=\"https:\/\/laquiacanoticias.ar\/wp-content\/uploads\/2026\/08\/WhatsApp-Image-2026-08-31-at-17.53.18-1-1024x454.jpeg 1024w, https:\/\/laquiacanoticias.ar\/wp-content\/uploads\/2026\/08\/WhatsApp-Image-2026-08-31-at-17.53.18-1-300x133.jpeg 300w, https:\/\/laquiacanoticias.ar\/wp-content\/uploads\/2026\/08\/WhatsApp-Image-2026-08-31-at-17.53.18-1-768x340.jpeg 768w, https:\/\/laquiacanoticias.ar\/wp-content\/uploads\/2026\/08\/WhatsApp-Image-2026-08-31-at-17.53.18-1.jpeg 1280w\" sizes=\"auto, (max-width: 1024px) 100vw, 1024px\" \/><\/figure>\n\n\n\n<p class=\"wp-block-paragraph\">Pero la experiencia tambi\u00e9n tuvo un fuerte componente comunitario. El presidente del barrio, <strong>Mario Vilte<\/strong>, particip\u00f3 del relevamiento y acompa\u00f1amiento, mientras vecinas colaboraron durante el proceso. All\u00ed aparece quiz\u00e1 uno de los aspectos m\u00e1s importantes de la intervenci\u00f3n: la justicia social no como una consigna abstracta, sino como la uni\u00f3n entre Estado, organizaciones barriales y comunidad alrededor de una persona que necesita una respuesta. Tener agua, saneamiento, electricidad y un ba\u00f1o adecuado no deber\u00eda constituir un privilegio; son condiciones m\u00ednimas para vivir con dignidad.<\/p>\n\n\n\n<figure class=\"wp-block-image size-large\"><img loading=\"lazy\" decoding=\"async\" width=\"1024\" height=\"768\" src=\"https:\/\/laquiacanoticias.ar\/wp-content\/uploads\/2026\/08\/WhatsApp-Image-2026-08-31-at-17.53.17-1024x768.jpeg\" alt=\"\" class=\"wp-image-26263\" srcset=\"https:\/\/laquiacanoticias.ar\/wp-content\/uploads\/2026\/08\/WhatsApp-Image-2026-08-31-at-17.53.17-1024x768.jpeg 1024w, https:\/\/laquiacanoticias.ar\/wp-content\/uploads\/2026\/08\/WhatsApp-Image-2026-08-31-at-17.53.17-300x225.jpeg 300w, https:\/\/laquiacanoticias.ar\/wp-content\/uploads\/2026\/08\/WhatsApp-Image-2026-08-31-at-17.53.17-768x576.jpeg 768w, https:\/\/laquiacanoticias.ar\/wp-content\/uploads\/2026\/08\/WhatsApp-Image-2026-08-31-at-17.53.17.jpeg 1280w\" sizes=\"auto, (max-width: 1024px) 100vw, 1024px\" \/><\/figure>\n\n\n\n<p class=\"wp-block-paragraph\">Al finalizar agosto, el intendente <strong>Dante Vel\u00e1zquez<\/strong>, acompa\u00f1ado por Anal\u00eda Mur, lleg\u00f3 hasta el hogar para formalizar la entrega. El momento adquiri\u00f3 adem\u00e1s una profunda significaci\u00f3n cultural. En el cierre del mes de la Pachamama, Bel\u00e9n y sus vecinas realizaron una reverencia y chayada a la Madre Tierra frente a la vivienda, uniendo el agradecimiento por lo conseguido con las costumbres ancestrales que forman parte de la identidad de La Quiaca y de la Puna.<\/p>\n\n\n\n<figure class=\"wp-block-image size-large\"><img loading=\"lazy\" decoding=\"async\" width=\"1024\" height=\"768\" src=\"https:\/\/laquiacanoticias.ar\/wp-content\/uploads\/2026\/08\/WhatsApp-Image-2026-08-31-at-17.53.17-1-1024x768.jpeg\" alt=\"\" class=\"wp-image-26264\" srcset=\"https:\/\/laquiacanoticias.ar\/wp-content\/uploads\/2026\/08\/WhatsApp-Image-2026-08-31-at-17.53.17-1-1024x768.jpeg 1024w, https:\/\/laquiacanoticias.ar\/wp-content\/uploads\/2026\/08\/WhatsApp-Image-2026-08-31-at-17.53.17-1-300x225.jpeg 300w, https:\/\/laquiacanoticias.ar\/wp-content\/uploads\/2026\/08\/WhatsApp-Image-2026-08-31-at-17.53.17-1-768x576.jpeg 768w, https:\/\/laquiacanoticias.ar\/wp-content\/uploads\/2026\/08\/WhatsApp-Image-2026-08-31-at-17.53.17-1.jpeg 1280w\" sizes=\"auto, (max-width: 1024px) 100vw, 1024px\" \/><\/figure>\n\n\n\n<p class=\"wp-block-paragraph\">Vel\u00e1zquez cerr\u00f3 la jornada convocando al di\u00e1logo y a la unidad entre los vecinos. La escena dej\u00f3 una definici\u00f3n sencilla sobre cu\u00e1l puede ser el verdadero impacto de una gesti\u00f3n p\u00fablica: <strong>cuando una necesidad concreta encuentra respuesta, el presupuesto deja de ser un n\u00famero y se convierte en calidad de vida<\/strong>. Para Bel\u00e9n y su hija, agosto termin\u00f3 con algo mucho m\u00e1s importante que una obra f\u00edsica: termin\u00f3 con derechos b\u00e1sicos incorpor\u00e1ndose definitivamente a su hogar. Y all\u00ed es donde la expresi\u00f3n \u201cjusticia social\u201d encuentra su dimensi\u00f3n m\u00e1s concreta: que el lugar donde nace o vive una persona no determine si puede acceder o no a condiciones elementales de dignidad.<\/p>\n","protected":false},"excerpt":{"rendered":"<p>Bel\u00e9n Dom\u00ednguez, vecina del barrio Perpetuo Socorro y madre a cargo de una ni\u00f1a, cerr\u00f3 agosto con una transformaci\u00f3n esencial en su hogar: recibi\u00f3 oficialmente un ba\u00f1o completo, las conexiones a las redes de agua y cloacas y la documentaci\u00f3n necesaria para avanzar con la instalaci\u00f3n el\u00e9ctrica domiciliaria. La respuesta fue posible mediante la articulaci\u00f3n&#8230;<\/p>\n","protected":false},"author":2,"featured_media":26259,"comment_status":"open","ping_status":"open","sticky":false,"template":"","format":"standard","meta":{"_jetpack_memberships_contains_paid_content":false,"footnotes":"","jetpack_publicize_message":"","jetpack_publicize_feature_enabled":true,"jetpack_social_post_already_shared":true,"jetpack_social_options":{"image_generator_settings":{"template":"highway","enabled":false},"version":2}},"categories":[1],"tags":[112,3382,6708,12071,507,2097,307,420,684,5148,10147,91,7842,1604,2230,665,3793,4966],"class_list":["post-26258","post","type-post","status-publish","format-standard","has-post-thumbnail","hentry","category-destacado","tag-agua-potable","tag-analia-mur","tag-barrio-perpetuo-socorro","tag-belen-dominguez","tag-cloacas","tag-dante-velazquez-2","tag-desarrollo-social","tag-ejesa","tag-electricidad","tag-inclusion-social","tag-justicia-social","tag-la-quiaca","tag-mario-vilte","tag-municipalidad-de-la-quiaca","tag-obras-publicas","tag-pachamama","tag-puna-jujena","tag-servicios-basicos"],"jetpack_publicize_connections":[],"jetpack_featured_media_url":"https:\/\/laquiacanoticias.ar\/wp-content\/uploads\/2026\/08\/WhatsApp-Image-2026-08-31-at-17.53.15.jpeg","jetpack_sharing_enabled":true,"_links":{"self":[{"href":"https:\/\/laquiacanoticias.ar\/index.php\/wp-json\/wp\/v2\/posts\/26258","targetHints":{"allow":["GET"]}}],"collection":[{"href":"https:\/\/laquiacanoticias.ar\/index.php\/wp-json\/wp\/v2\/posts"}],"about":[{"href":"https:\/\/laquiacanoticias.ar\/index.php\/wp-json\/wp\/v2\/types\/post"}],"author":[{"embeddable":true,"href":"https:\/\/laquiacanoticias.ar\/index.php\/wp-json\/wp\/v2\/users\/2"}],"replies":[{"embeddable":true,"href":"https:\/\/laquiacanoticias.ar\/index.php\/wp-json\/wp\/v2\/comments?post=26258"}],"version-history":[{"count":1,"href":"https:\/\/laquiacanoticias.ar\/index.php\/wp-json\/wp\/v2\/posts\/26258\/revisions"}],"predecessor-version":[{"id":26265,"href":"https:\/\/laquiacanoticias.ar\/index.php\/wp-json\/wp\/v2\/posts\/26258\/revisions\/26265"}],"wp:featuredmedia":[{"embeddable":true,"href":"https:\/\/laquiacanoticias.ar\/index.php\/wp-json\/wp\/v2\/media\/26259"}],"wp:attachment":[{"href":"https:\/\/laquiacanoticias.ar\/index.php\/wp-json\/wp\/v2\/media?parent=26258"}],"wp:term":[{"taxonomy":"category","embeddable":true,"href":"https:\/\/laquiacanoticias.ar\/index.php\/wp-json\/wp\/v2\/categories?post=26258"},{"taxonomy":"post_tag","embeddable":true,"href":"https:\/\/laquiacanoticias.ar\/index.php\/wp-json\/wp\/v2\/tags?post=26258"}],"curies":[{"name":"wp","href":"https:\/\/api.w.org\/{rel}","templated":true}]}}