{"id":26266,"date":"2026-09-01T10:03:41","date_gmt":"2026-09-01T13:03:41","guid":{"rendered":"https:\/\/laquiacanoticias.ar\/?p=26266"},"modified":"2026-09-01T10:03:44","modified_gmt":"2026-09-01T13:03:44","slug":"la-quiaca-dante-velazquez-incorpora-a-emprendedoras-gastronomicas-al-nuevo-mercado-minorista","status":"publish","type":"post","link":"https:\/\/laquiacanoticias.ar\/index.php\/2026\/09\/01\/la-quiaca-dante-velazquez-incorpora-a-emprendedoras-gastronomicas-al-nuevo-mercado-minorista\/","title":{"rendered":"La Quiaca: Dante Vel\u00e1zquez incorpora a emprendedoras gastron\u00f3micas al nuevo mercado minorista"},"content":{"rendered":"\n<p class=\"wp-block-paragraph\"><strong>El intendente Dante Vel\u00e1zquez mantuvo desde temprano una reuni\u00f3n con un grupo de m\u00e1s de diez vecinas que se dedican a la venta ambulante de comidas en inmediaciones del mercado minorista. El encuentro sirvi\u00f3 para confirmar que las emprendedoras tambi\u00e9n ser\u00e1n contempladas dentro del proceso de refacci\u00f3n y acondicionamiento del sector, con el objetivo de mejorar sus condiciones de trabajo y fortalecer el comercio local.<\/strong><\/p>\n\n\n\n<figure class=\"wp-block-image size-large\"><img loading=\"lazy\" decoding=\"async\" width=\"1024\" height=\"768\" src=\"https:\/\/laquiacanoticias.ar\/wp-content\/uploads\/2026\/09\/WhatsApp-Image-2026-09-01-at-09.30.57-1-1024x768.jpeg\" alt=\"\" class=\"wp-image-26268\" srcset=\"https:\/\/laquiacanoticias.ar\/wp-content\/uploads\/2026\/09\/WhatsApp-Image-2026-09-01-at-09.30.57-1-1024x768.jpeg 1024w, https:\/\/laquiacanoticias.ar\/wp-content\/uploads\/2026\/09\/WhatsApp-Image-2026-09-01-at-09.30.57-1-300x225.jpeg 300w, https:\/\/laquiacanoticias.ar\/wp-content\/uploads\/2026\/09\/WhatsApp-Image-2026-09-01-at-09.30.57-1-768x576.jpeg 768w, https:\/\/laquiacanoticias.ar\/wp-content\/uploads\/2026\/09\/WhatsApp-Image-2026-09-01-at-09.30.57-1.jpeg 1280w\" sizes=\"auto, (max-width: 1024px) 100vw, 1024px\" \/><\/figure>\n\n\n\n<p class=\"wp-block-paragraph\">La gesti\u00f3n municipal de La Quiaca volvi\u00f3 a poner el foco en el contacto directo con los vecinos. En esta oportunidad, Vel\u00e1zquez recibi\u00f3 en su despacho a mujeres que diariamente ofrecen guisos, sopas y distintas comidas en cercan\u00edas del mercado minorista, una actividad que forma parte de la econom\u00eda cotidiana de muchas familias de la ciudad. El planteo fue concreto: escuchar sus necesidades, ordenar el espacio y encontrar una salida que les permita continuar trabajando en mejores condiciones.<\/p>\n\n\n\n<figure class=\"wp-block-image size-large\"><img loading=\"lazy\" decoding=\"async\" width=\"1024\" height=\"768\" src=\"https:\/\/laquiacanoticias.ar\/wp-content\/uploads\/2026\/09\/WhatsApp-Image-2026-09-01-at-09.30.57-1024x768.jpeg\" alt=\"\" class=\"wp-image-26269\" srcset=\"https:\/\/laquiacanoticias.ar\/wp-content\/uploads\/2026\/09\/WhatsApp-Image-2026-09-01-at-09.30.57-1024x768.jpeg 1024w, https:\/\/laquiacanoticias.ar\/wp-content\/uploads\/2026\/09\/WhatsApp-Image-2026-09-01-at-09.30.57-768x576.jpeg 768w, https:\/\/laquiacanoticias.ar\/wp-content\/uploads\/2026\/09\/WhatsApp-Image-2026-09-01-at-09.30.57-300x225.jpeg 300w, https:\/\/laquiacanoticias.ar\/wp-content\/uploads\/2026\/09\/WhatsApp-Image-2026-09-01-at-09.30.57.jpeg 1280w\" sizes=\"auto, (max-width: 1024px) 100vw, 1024px\" \/><\/figure>\n\n\n\n<p class=\"wp-block-paragraph\">El municipio avanza actualmente con obras de acondicionamiento y refacci\u00f3n en el mercado minorista, con la intenci\u00f3n de transformarlo en un complejo de ventas m\u00e1s funcional, seguro y adecuado para quienes desarrollan all\u00ed distintas actividades comerciales. Dentro de ese esquema, las emprendedoras gastron\u00f3micas tendr\u00e1n tambi\u00e9n un lugar, integr\u00e1ndose a un espacio que busca dejar atr\u00e1s la precariedad y brindar mayor comodidad tanto a quienes venden como a quienes compran.<\/p>\n\n\n\n<figure class=\"wp-block-image size-large\"><img loading=\"lazy\" decoding=\"async\" width=\"1024\" height=\"768\" src=\"https:\/\/laquiacanoticias.ar\/wp-content\/uploads\/2026\/09\/WhatsApp-Image-2026-09-01-at-09.30.56-1024x768.jpeg\" alt=\"\" class=\"wp-image-26270\" srcset=\"https:\/\/laquiacanoticias.ar\/wp-content\/uploads\/2026\/09\/WhatsApp-Image-2026-09-01-at-09.30.56-1024x768.jpeg 1024w, https:\/\/laquiacanoticias.ar\/wp-content\/uploads\/2026\/09\/WhatsApp-Image-2026-09-01-at-09.30.56-768x576.jpeg 768w, https:\/\/laquiacanoticias.ar\/wp-content\/uploads\/2026\/09\/WhatsApp-Image-2026-09-01-at-09.30.56-300x225.jpeg 300w, https:\/\/laquiacanoticias.ar\/wp-content\/uploads\/2026\/09\/WhatsApp-Image-2026-09-01-at-09.30.56.jpeg 1280w\" sizes=\"auto, (max-width: 1024px) 100vw, 1024px\" \/><\/figure>\n\n\n\n<p class=\"wp-block-paragraph\">La decisi\u00f3n adquiere especial importancia porque se trata de trabajadoras que durante a\u00f1os sostuvieron sus ingresos desde la v\u00eda p\u00fablica, muchas veces expuestas al fr\u00edo, al viento y a condiciones poco favorables. Incorporarlas al proyecto significa reconocer su trabajo y darles una oportunidad concreta de crecimiento. No se trata solamente de una obra f\u00edsica: se trata de ordenar, acompa\u00f1ar y generar condiciones para que peque\u00f1os emprendimientos puedan convertirse en actividades m\u00e1s estables y sostenibles.<\/p>\n\n\n\n<p class=\"wp-block-paragraph\">Vel\u00e1zquez volvi\u00f3 a insistir con una idea que atraviesa su gesti\u00f3n: <strong>sin di\u00e1logo y sin gesti\u00f3n no se construyen soluciones<\/strong>. La reuni\u00f3n con las emprendedoras vuelve a mostrar una modalidad de trabajo basada en escuchar primero y ejecutar despu\u00e9s. En una ciudad donde el comercio y los peque\u00f1os emprendimientos tienen un peso central, el nuevo mercado minorista aparece como una herramienta para fortalecer la econom\u00eda local y dar respuestas concretas a quienes todos los d\u00edas generan su propio trabajo.<\/p>\n","protected":false},"excerpt":{"rendered":"<p>El intendente Dante Vel\u00e1zquez mantuvo desde temprano una reuni\u00f3n con un grupo de m\u00e1s de diez vecinas que se dedican a la venta ambulante de comidas en inmediaciones del mercado minorista. El encuentro sirvi\u00f3 para confirmar que las emprendedoras tambi\u00e9n ser\u00e1n contempladas dentro del proceso de refacci\u00f3n y acondicionamiento del sector, con el objetivo de&#8230;<\/p>\n","protected":false},"author":2,"featured_media":26267,"comment_status":"open","ping_status":"open","sticky":false,"template":"","format":"standard","meta":{"_jetpack_memberships_contains_paid_content":false,"footnotes":"","jetpack_publicize_message":"","jetpack_publicize_feature_enabled":true,"jetpack_social_post_already_shared":true,"jetpack_social_options":{"image_generator_settings":{"template":"highway","enabled":false},"version":2}},"categories":[1],"tags":[2239,2097,856,5646,5507,81,91,8996,7110,258,1604,2230,5321,12072],"class_list":["post-26266","post","type-post","status-publish","format-standard","has-post-thumbnail","hentry","category-destacado","tag-comercio-local","tag-dante-velazquez-2","tag-desarrollo-local","tag-economia-popular-2","tag-emprendedoras","tag-jujuy","tag-la-quiaca","tag-la-quiaca-noticias","tag-mercado-minorista","tag-mujeres-emprendedoras","tag-municipalidad-de-la-quiaca","tag-obras-publicas","tag-vecinos-2","tag-venta-de-comidas"],"jetpack_publicize_connections":[],"jetpack_featured_media_url":"https:\/\/laquiacanoticias.ar\/wp-content\/uploads\/2026\/09\/WhatsApp-Image-2026-09-01-at-09.30.56-1.jpeg","jetpack_sharing_enabled":true,"_links":{"self":[{"href":"https:\/\/laquiacanoticias.ar\/index.php\/wp-json\/wp\/v2\/posts\/26266","targetHints":{"allow":["GET"]}}],"collection":[{"href":"https:\/\/laquiacanoticias.ar\/index.php\/wp-json\/wp\/v2\/posts"}],"about":[{"href":"https:\/\/laquiacanoticias.ar\/index.php\/wp-json\/wp\/v2\/types\/post"}],"author":[{"embeddable":true,"href":"https:\/\/laquiacanoticias.ar\/index.php\/wp-json\/wp\/v2\/users\/2"}],"replies":[{"embeddable":true,"href":"https:\/\/laquiacanoticias.ar\/index.php\/wp-json\/wp\/v2\/comments?post=26266"}],"version-history":[{"count":1,"href":"https:\/\/laquiacanoticias.ar\/index.php\/wp-json\/wp\/v2\/posts\/26266\/revisions"}],"predecessor-version":[{"id":26271,"href":"https:\/\/laquiacanoticias.ar\/index.php\/wp-json\/wp\/v2\/posts\/26266\/revisions\/26271"}],"wp:featuredmedia":[{"embeddable":true,"href":"https:\/\/laquiacanoticias.ar\/index.php\/wp-json\/wp\/v2\/media\/26267"}],"wp:attachment":[{"href":"https:\/\/laquiacanoticias.ar\/index.php\/wp-json\/wp\/v2\/media?parent=26266"}],"wp:term":[{"taxonomy":"category","embeddable":true,"href":"https:\/\/laquiacanoticias.ar\/index.php\/wp-json\/wp\/v2\/categories?post=26266"},{"taxonomy":"post_tag","embeddable":true,"href":"https:\/\/laquiacanoticias.ar\/index.php\/wp-json\/wp\/v2\/tags?post=26266"}],"curies":[{"name":"wp","href":"https:\/\/api.w.org\/{rel}","templated":true}]}}