{"id":26272,"date":"2026-09-01T12:17:21","date_gmt":"2026-09-01T15:17:21","guid":{"rendered":"https:\/\/laquiacanoticias.ar\/?p=26272"},"modified":"2026-09-01T12:17:24","modified_gmt":"2026-09-01T15:17:24","slug":"educa-cine-llega-a-las-escuelas-de-la-quiaca-el-manka-fiesta-convierte-la-pantalla-grande-en-una-herramienta-de-aprendizaje","status":"publish","type":"post","link":"https:\/\/laquiacanoticias.ar\/index.php\/2026\/09\/01\/educa-cine-llega-a-las-escuelas-de-la-quiaca-el-manka-fiesta-convierte-la-pantalla-grande-en-una-herramienta-de-aprendizaje\/","title":{"rendered":"Educa Cine llega a las escuelas de La Quiaca: el Manka Fiesta convierte la pantalla grande en una herramienta de aprendizaje"},"content":{"rendered":"\n<p class=\"wp-block-paragraph\"><strong>El Complejo Cultural Manka Fiesta volvi\u00f3 a transformarse en un espacio educativo con una nueva jornada de Educa Cine, la propuesta impulsada desde la gesti\u00f3n municipal para acercar el cine a las escuelas de La Quiaca. En esta oportunidad, alrededor de 85 alumnos de quinto y sexto grado de la Escuela Domitila Cholele participaron de la proyecci\u00f3n de <em>El diario de Ana Frank<\/em>, una experiencia que luego continuar\u00e1 en las aulas mediante actividades, an\u00e1lisis y trabajos pr\u00e1cticos.<\/strong><\/p>\n\n\n\n<p class=\"wp-block-paragraph\">La profesora <strong>Julieta Cruz<\/strong> explic\u00f3 que la instituci\u00f3n fue invitada por el municipio a participar del proyecto y destac\u00f3 el valor pedag\u00f3gico de la iniciativa. Los estudiantes asistieron acompa\u00f1ados por docentes, residentes y profesores de materias especiales, entre ellos M\u00fasica y Educaci\u00f3n F\u00edsica. La propuesta no termina con la pel\u00edcula: una vez de regreso en la escuela, los alumnos deber\u00e1n recuperar lo observado, realizar comentarios, comparar contenidos y desarrollar distintas actividades vinculadas con la obra que previamente trabajaron en formato escrito.<\/p>\n\n\n\n<figure class=\"wp-block-image size-large\"><img loading=\"lazy\" decoding=\"async\" width=\"1024\" height=\"768\" src=\"https:\/\/laquiacanoticias.ar\/wp-content\/uploads\/2026\/09\/WhatsApp-Image-2026-09-01-at-11.15.11-1-1024x768.jpeg\" alt=\"\" class=\"wp-image-26274\" srcset=\"https:\/\/laquiacanoticias.ar\/wp-content\/uploads\/2026\/09\/WhatsApp-Image-2026-09-01-at-11.15.11-1-1024x768.jpeg 1024w, https:\/\/laquiacanoticias.ar\/wp-content\/uploads\/2026\/09\/WhatsApp-Image-2026-09-01-at-11.15.11-1-300x225.jpeg 300w, https:\/\/laquiacanoticias.ar\/wp-content\/uploads\/2026\/09\/WhatsApp-Image-2026-09-01-at-11.15.11-1-768x576.jpeg 768w, https:\/\/laquiacanoticias.ar\/wp-content\/uploads\/2026\/09\/WhatsApp-Image-2026-09-01-at-11.15.11-1.jpeg 1280w\" sizes=\"auto, (max-width: 1024px) 100vw, 1024px\" \/><\/figure>\n\n\n\n<p class=\"wp-block-paragraph\">Uno de los aspectos m\u00e1s valiosos de Educa Cine es justamente la posibilidad de vincular <strong>literatura, historia, lenguaje audiovisual y comprensi\u00f3n cr\u00edtica<\/strong>. Cruz se\u00f1al\u00f3 que los alumnos pueden comparar la obra escrita con su adaptaci\u00f3n cinematogr\u00e1fica y reconocer diferencias entre ambas formas de narrar. En una generaci\u00f3n atravesada por im\u00e1genes, pantallas y contenidos audiovisuales, incorporar el cine como recurso educativo permite captar la atenci\u00f3n de los estudiantes y convertir esa experiencia en una puerta de entrada hacia la lectura, la reflexi\u00f3n y el conocimiento.<\/p>\n\n\n\n<figure class=\"wp-block-image size-large\"><img loading=\"lazy\" decoding=\"async\" width=\"1024\" height=\"768\" src=\"https:\/\/laquiacanoticias.ar\/wp-content\/uploads\/2026\/09\/WhatsApp-Image-2026-09-01-at-11.15.11-1024x768.jpeg\" alt=\"\" class=\"wp-image-26275\" srcset=\"https:\/\/laquiacanoticias.ar\/wp-content\/uploads\/2026\/09\/WhatsApp-Image-2026-09-01-at-11.15.11-1024x768.jpeg 1024w, https:\/\/laquiacanoticias.ar\/wp-content\/uploads\/2026\/09\/WhatsApp-Image-2026-09-01-at-11.15.11-300x225.jpeg 300w, https:\/\/laquiacanoticias.ar\/wp-content\/uploads\/2026\/09\/WhatsApp-Image-2026-09-01-at-11.15.11-768x576.jpeg 768w, https:\/\/laquiacanoticias.ar\/wp-content\/uploads\/2026\/09\/WhatsApp-Image-2026-09-01-at-11.15.11.jpeg 1280w\" sizes=\"auto, (max-width: 1024px) 100vw, 1024px\" \/><\/figure>\n\n\n\n<p class=\"wp-block-paragraph\">La jornada tambi\u00e9n tuvo un componente social y cultural importante. Para algunos chicos, ingresar al Manka Fiesta y sentarse frente a una pantalla de grandes dimensiones representa una experiencia habitual; para otros, puede significar su primer contacto con una verdadera sala de cine. All\u00ed radica otro de los valores de la propuesta municipal: <strong>democratizar el acceso a bienes culturales<\/strong> y poner infraestructura p\u00fablica al servicio de la educaci\u00f3n. El Complejo Cultural deja as\u00ed de ser \u00fanicamente un escenario para espect\u00e1culos y se consolida como un espacio capaz de articular cultura, escuela y formaci\u00f3n.<\/p>\n\n\n\n<p class=\"wp-block-paragraph\">Educa Cine plantea una forma concreta de aprovechar los espacios culturales de La Quiaca con fines educativos. La experiencia de los alumnos de la Escuela Domitila Cholele muestra que una pel\u00edcula puede convertirse en mucho m\u00e1s que entretenimiento cuando existe detr\u00e1s una propuesta pedag\u00f3gica: puede abrir debates, reforzar contenidos, estimular la lectura y despertar preguntas. En ese cruce entre cine y escuela, el Manka Fiesta suma una nueva funci\u00f3n para la comunidad y fortalece su papel como punto de encuentro cultural de la ciudad.<\/p>\n","protected":false},"excerpt":{"rendered":"<p>El Complejo Cultural Manka Fiesta volvi\u00f3 a transformarse en un espacio educativo con una nueva jornada de Educa Cine, la propuesta impulsada desde la gesti\u00f3n municipal para acercar el cine a las escuelas de La Quiaca. En esta oportunidad, alrededor de 85 alumnos de quinto y sexto grado de la Escuela Domitila Cholele participaron de&#8230;<\/p>\n","protected":false},"author":2,"featured_media":26273,"comment_status":"open","ping_status":"open","sticky":false,"template":"","format":"standard","meta":{"_jetpack_memberships_contains_paid_content":false,"footnotes":"","jetpack_publicize_message":"","jetpack_publicize_feature_enabled":true,"jetpack_social_post_already_shared":true,"jetpack_social_options":{"image_generator_settings":{"template":"highway","enabled":false},"version":2}},"categories":[1],"tags":[11979,9553,1074,12073,129,12075,6220,10528,675,81,12074,91,8996,1604],"class_list":["post-26272","post","type-post","status-publish","format-standard","has-post-thumbnail","hentry","category-destacado","tag-cine-educativo","tag-complejo-cultural-manka-fiesta","tag-cultura","tag-educa-cine","tag-educacion","tag-el-diario-de-ana-frank","tag-escuela-domitila-cholele","tag-escuelas-de-la-quiaca","tag-estudiantes","tag-jujuy","tag-julieta-cruz","tag-la-quiaca","tag-la-quiaca-noticias","tag-municipalidad-de-la-quiaca"],"jetpack_publicize_connections":[],"jetpack_featured_media_url":"https:\/\/laquiacanoticias.ar\/wp-content\/uploads\/2026\/09\/WhatsApp-Image-2026-09-01-at-11.12.50.jpeg","jetpack_sharing_enabled":true,"_links":{"self":[{"href":"https:\/\/laquiacanoticias.ar\/index.php\/wp-json\/wp\/v2\/posts\/26272","targetHints":{"allow":["GET"]}}],"collection":[{"href":"https:\/\/laquiacanoticias.ar\/index.php\/wp-json\/wp\/v2\/posts"}],"about":[{"href":"https:\/\/laquiacanoticias.ar\/index.php\/wp-json\/wp\/v2\/types\/post"}],"author":[{"embeddable":true,"href":"https:\/\/laquiacanoticias.ar\/index.php\/wp-json\/wp\/v2\/users\/2"}],"replies":[{"embeddable":true,"href":"https:\/\/laquiacanoticias.ar\/index.php\/wp-json\/wp\/v2\/comments?post=26272"}],"version-history":[{"count":1,"href":"https:\/\/laquiacanoticias.ar\/index.php\/wp-json\/wp\/v2\/posts\/26272\/revisions"}],"predecessor-version":[{"id":26276,"href":"https:\/\/laquiacanoticias.ar\/index.php\/wp-json\/wp\/v2\/posts\/26272\/revisions\/26276"}],"wp:featuredmedia":[{"embeddable":true,"href":"https:\/\/laquiacanoticias.ar\/index.php\/wp-json\/wp\/v2\/media\/26273"}],"wp:attachment":[{"href":"https:\/\/laquiacanoticias.ar\/index.php\/wp-json\/wp\/v2\/media?parent=26272"}],"wp:term":[{"taxonomy":"category","embeddable":true,"href":"https:\/\/laquiacanoticias.ar\/index.php\/wp-json\/wp\/v2\/categories?post=26272"},{"taxonomy":"post_tag","embeddable":true,"href":"https:\/\/laquiacanoticias.ar\/index.php\/wp-json\/wp\/v2\/tags?post=26272"}],"curies":[{"name":"wp","href":"https:\/\/api.w.org\/{rel}","templated":true}]}}