{"id":26284,"date":"2026-09-01T14:02:55","date_gmt":"2026-09-01T17:02:55","guid":{"rendered":"https:\/\/laquiacanoticias.ar\/?p=26284"},"modified":"2026-09-01T14:02:58","modified_gmt":"2026-09-01T17:02:58","slug":"la-quiaca-renovo-el-registro-civil-provincia-y-municipio-recuperaron-un-edificio-historico-y-modernizaron-sus-servicios","status":"publish","type":"post","link":"https:\/\/laquiacanoticias.ar\/index.php\/2026\/09\/01\/la-quiaca-renovo-el-registro-civil-provincia-y-municipio-recuperaron-un-edificio-historico-y-modernizaron-sus-servicios\/","title":{"rendered":"La Quiaca renov\u00f3 el Registro Civil: Provincia y Municipio recuperaron un edificio hist\u00f3rico y modernizaron sus servicios"},"content":{"rendered":"\n<p class=\"wp-block-paragraph\">El Registro Civil de La Quiaca fue objeto de una refacci\u00f3n integral encarada de manera conjunta por el Gobierno de Jujuy y la Municipalidad, a trav\u00e9s del \u00e1rea de Obras y Servicios P\u00fablicos. La intervenci\u00f3n permiti\u00f3 recuperar pr\u00e1cticamente desde cero un edificio hist\u00f3rico, incorporar conectividad, puestos digitales, c\u00e1maras de seguridad, nuevos sanitarios e iluminaci\u00f3n exterior. El director provincial del Registro Civil, <strong>Octavio Rivas<\/strong>, destac\u00f3 que la obra mejora de manera directa la atenci\u00f3n y la calidad de vida de los vecinos.<\/p>\n\n\n\n<figure class=\"wp-block-image size-large\"><img loading=\"lazy\" decoding=\"async\" width=\"1024\" height=\"768\" src=\"https:\/\/laquiacanoticias.ar\/wp-content\/uploads\/2026\/09\/WhatsApp-Image-2026-09-01-at-12.58.44-1-1024x768.jpeg\" alt=\"\" class=\"wp-image-26286\" srcset=\"https:\/\/laquiacanoticias.ar\/wp-content\/uploads\/2026\/09\/WhatsApp-Image-2026-09-01-at-12.58.44-1-1024x768.jpeg 1024w, https:\/\/laquiacanoticias.ar\/wp-content\/uploads\/2026\/09\/WhatsApp-Image-2026-09-01-at-12.58.44-1-300x225.jpeg 300w, https:\/\/laquiacanoticias.ar\/wp-content\/uploads\/2026\/09\/WhatsApp-Image-2026-09-01-at-12.58.44-1-768x576.jpeg 768w, https:\/\/laquiacanoticias.ar\/wp-content\/uploads\/2026\/09\/WhatsApp-Image-2026-09-01-at-12.58.44-1.jpeg 1280w\" sizes=\"auto, (max-width: 1024px) 100vw, 1024px\" \/><\/figure>\n\n\n\n<p class=\"wp-block-paragraph\">Rivas remarc\u00f3 que la recuperaci\u00f3n del edificio fue posible a partir de una articulaci\u00f3n concreta entre Provincia y Municipio. Seg\u00fan explic\u00f3, la Provincia aport\u00f3 alrededor de <strong>15 millones de pesos en materiales<\/strong>, mientras que la Municipalidad asumi\u00f3 la totalidad de la mano de obra. \u201cCuando se quiere, se puede\u201d, sintetiz\u00f3 el funcionario, quien destac\u00f3 especialmente el trabajo realizado por el equipo municipal de Obras P\u00fablicas. La restauraci\u00f3n implic\u00f3 intervenir sobre una casona antigua, levantar veredas, rehacer sectores sanitarios y desag\u00fces, adaptar las instalaciones a la red cloacal e incorporar una infraestructura moderna sin perder el valor del inmueble para el barrio.<\/p>\n\n\n\n<figure class=\"wp-block-image size-large\"><img loading=\"lazy\" decoding=\"async\" width=\"1024\" height=\"768\" src=\"https:\/\/laquiacanoticias.ar\/wp-content\/uploads\/2026\/09\/WhatsApp-Image-2026-09-01-at-12.58.43-1024x768.jpeg\" alt=\"\" class=\"wp-image-26287\" srcset=\"https:\/\/laquiacanoticias.ar\/wp-content\/uploads\/2026\/09\/WhatsApp-Image-2026-09-01-at-12.58.43-1024x768.jpeg 1024w, https:\/\/laquiacanoticias.ar\/wp-content\/uploads\/2026\/09\/WhatsApp-Image-2026-09-01-at-12.58.43-300x225.jpeg 300w, https:\/\/laquiacanoticias.ar\/wp-content\/uploads\/2026\/09\/WhatsApp-Image-2026-09-01-at-12.58.43-768x576.jpeg 768w, https:\/\/laquiacanoticias.ar\/wp-content\/uploads\/2026\/09\/WhatsApp-Image-2026-09-01-at-12.58.43.jpeg 1280w\" sizes=\"auto, (max-width: 1024px) 100vw, 1024px\" \/><\/figure>\n\n\n\n<p class=\"wp-block-paragraph\">La refacci\u00f3n no fue solamente edilicia. El Registro Civil cuenta ahora con <strong>cuatro puestos de documentaci\u00f3n<\/strong>, conectividad mediante fibra \u00f3ptica y herramientas para agilizar tr\u00e1mites que antes demandaban mayores tiempos de espera. Los vecinos podr\u00e1n gestionar partidas digitales, inscripciones de nacimiento, defunciones, documentaci\u00f3n y otros servicios en mejores condiciones. Rivas puso especial \u00e9nfasis en lo que significa evitar largas esperas, particularmente durante el duro invierno pune\u00f1o, y sostuvo que garantizar un tr\u00e1mite r\u00e1pido de identidad tambi\u00e9n forma parte de mejorar la calidad de vida. Adem\u00e1s, el edificio incorpora iluminaci\u00f3n exterior y c\u00e1maras de seguridad, mejorando tanto su funcionalidad como su integraci\u00f3n urbana.<\/p>\n\n\n\n<figure class=\"wp-block-image size-large\"><img loading=\"lazy\" decoding=\"async\" width=\"1024\" height=\"768\" src=\"https:\/\/laquiacanoticias.ar\/wp-content\/uploads\/2026\/09\/WhatsApp-Image-2026-09-01-at-12.58.44-1024x768.jpeg\" alt=\"\" class=\"wp-image-26288\" srcset=\"https:\/\/laquiacanoticias.ar\/wp-content\/uploads\/2026\/09\/WhatsApp-Image-2026-09-01-at-12.58.44-1024x768.jpeg 1024w, https:\/\/laquiacanoticias.ar\/wp-content\/uploads\/2026\/09\/WhatsApp-Image-2026-09-01-at-12.58.44-300x225.jpeg 300w, https:\/\/laquiacanoticias.ar\/wp-content\/uploads\/2026\/09\/WhatsApp-Image-2026-09-01-at-12.58.44-768x576.jpeg 768w, https:\/\/laquiacanoticias.ar\/wp-content\/uploads\/2026\/09\/WhatsApp-Image-2026-09-01-at-12.58.44.jpeg 1280w\" sizes=\"auto, (max-width: 1024px) 100vw, 1024px\" \/><\/figure>\n\n\n\n<p class=\"wp-block-paragraph\">El funcionario provincial adelant\u00f3 tambi\u00e9n que el Registro Civil acompa\u00f1ar\u00e1 la pr\u00f3xima <strong>Manka Fiesta<\/strong> con un dispositivo m\u00f3vil durante sus jornadas, pensado especialmente para vecinos de zonas rurales que llegan a La Quiaca. All\u00ed podr\u00e1n realizar cambios de domicilio, renovaciones de DNI, inscripciones y obtener partidas de nacimiento, entre otros tr\u00e1mites. Para Rivas, la renovaci\u00f3n del Registro Civil expresa algo m\u00e1s amplio: una pol\u00edtica de cercan\u00eda y de defensa de la identidad. \u201cEsta es la casa de la identidad\u201d, se\u00f1al\u00f3, vinculando el nuevo edificio con el crecimiento que observa en La Quiaca y con la necesidad de garantizar igualdad de oportunidades, acceso a servicios p\u00fablicos modernos y preservaci\u00f3n de la cultura local.<\/p>\n","protected":false},"excerpt":{"rendered":"<p>El Registro Civil de La Quiaca fue objeto de una refacci\u00f3n integral encarada de manera conjunta por el Gobierno de Jujuy y la Municipalidad, a trav\u00e9s del \u00e1rea de Obras y Servicios P\u00fablicos. La intervenci\u00f3n permiti\u00f3 recuperar pr\u00e1cticamente desde cero un edificio hist\u00f3rico, incorporar conectividad, puestos digitales, c\u00e1maras de seguridad, nuevos sanitarios e iluminaci\u00f3n exterior&#8230;.<\/p>\n","protected":false},"author":2,"featured_media":26285,"comment_status":"open","ping_status":"open","sticky":false,"template":"","format":"standard","meta":{"_jetpack_memberships_contains_paid_content":false,"footnotes":"","jetpack_publicize_message":"","jetpack_publicize_feature_enabled":true,"jetpack_social_post_already_shared":true,"jetpack_social_options":{"image_generator_settings":{"template":"highway","enabled":false},"version":2}},"categories":[1],"tags":[2097,7577,5492,638,2216,8996,928,1604,2230,90,7423,12079,246,9310],"class_list":["post-26284","post","type-post","status-publish","format-standard","has-post-thumbnail","hentry","category-destacado","tag-dante-velazquez-2","tag-dni-2","tag-fibra-optica","tag-gobierno-de-jujuy","tag-identidad","tag-la-quiaca-noticias","tag-manka-fiesta","tag-municipalidad-de-la-quiaca","tag-obras-publicas","tag-octavio-rivas","tag-refacciones","tag-registro-civil-la-quiaca","tag-servicios-publicos","tag-tramites-digitales"],"jetpack_publicize_connections":[],"jetpack_featured_media_url":"https:\/\/laquiacanoticias.ar\/wp-content\/uploads\/2026\/09\/WhatsApp-Image-2026-09-01-at-12.58.41.jpeg","jetpack_sharing_enabled":true,"_links":{"self":[{"href":"https:\/\/laquiacanoticias.ar\/index.php\/wp-json\/wp\/v2\/posts\/26284","targetHints":{"allow":["GET"]}}],"collection":[{"href":"https:\/\/laquiacanoticias.ar\/index.php\/wp-json\/wp\/v2\/posts"}],"about":[{"href":"https:\/\/laquiacanoticias.ar\/index.php\/wp-json\/wp\/v2\/types\/post"}],"author":[{"embeddable":true,"href":"https:\/\/laquiacanoticias.ar\/index.php\/wp-json\/wp\/v2\/users\/2"}],"replies":[{"embeddable":true,"href":"https:\/\/laquiacanoticias.ar\/index.php\/wp-json\/wp\/v2\/comments?post=26284"}],"version-history":[{"count":1,"href":"https:\/\/laquiacanoticias.ar\/index.php\/wp-json\/wp\/v2\/posts\/26284\/revisions"}],"predecessor-version":[{"id":26289,"href":"https:\/\/laquiacanoticias.ar\/index.php\/wp-json\/wp\/v2\/posts\/26284\/revisions\/26289"}],"wp:featuredmedia":[{"embeddable":true,"href":"https:\/\/laquiacanoticias.ar\/index.php\/wp-json\/wp\/v2\/media\/26285"}],"wp:attachment":[{"href":"https:\/\/laquiacanoticias.ar\/index.php\/wp-json\/wp\/v2\/media?parent=26284"}],"wp:term":[{"taxonomy":"category","embeddable":true,"href":"https:\/\/laquiacanoticias.ar\/index.php\/wp-json\/wp\/v2\/categories?post=26284"},{"taxonomy":"post_tag","embeddable":true,"href":"https:\/\/laquiacanoticias.ar\/index.php\/wp-json\/wp\/v2\/tags?post=26284"}],"curies":[{"name":"wp","href":"https:\/\/api.w.org\/{rel}","templated":true}]}}