{"id":26290,"date":"2026-09-01T14:26:06","date_gmt":"2026-09-01T17:26:06","guid":{"rendered":"https:\/\/laquiacanoticias.ar\/?p=26290"},"modified":"2026-09-01T14:26:09","modified_gmt":"2026-09-01T17:26:09","slug":"dia-del-arbol-en-la-quiaca-educacion-ambiental-especies-nativas-y-nuevas-plantaciones-en-las-escuelas","status":"publish","type":"post","link":"https:\/\/laquiacanoticias.ar\/index.php\/2026\/09\/01\/dia-del-arbol-en-la-quiaca-educacion-ambiental-especies-nativas-y-nuevas-plantaciones-en-las-escuelas\/","title":{"rendered":"D\u00eda del \u00c1rbol en La Quiaca: educaci\u00f3n ambiental, especies nativas y nuevas plantaciones en las escuelas"},"content":{"rendered":"\n<p class=\"wp-block-paragraph\"><strong>La Direcci\u00f3n de Producci\u00f3n y Medio Ambiente de la Municipalidad de La Quiaca desarroll\u00f3 una jornada educativa en la Escuela Comercial en el marco del D\u00eda del \u00c1rbol. La actividad estuvo encabezada por el t\u00e9cnico Dar\u00edo Vel\u00e1zquez, quien brind\u00f3 una charla sobre las especies presentes en la ciudad, sus cuidados, los \u00e1rboles hist\u00f3ricos de la Plaza Centenario y la importancia de incorporar conocimientos ambientales desde la escuela. La propuesta se complet\u00f3 con la plantaci\u00f3n de cuatro ejemplares dentro de la instituci\u00f3n.<\/strong><\/p>\n\n\n\n<figure class=\"wp-block-image size-large\"><img loading=\"lazy\" decoding=\"async\" width=\"1024\" height=\"768\" src=\"https:\/\/laquiacanoticias.ar\/wp-content\/uploads\/2026\/09\/WhatsApp-Image-2026-09-01-at-13.04.49-1024x768.jpeg\" alt=\"\" class=\"wp-image-26292\" srcset=\"https:\/\/laquiacanoticias.ar\/wp-content\/uploads\/2026\/09\/WhatsApp-Image-2026-09-01-at-13.04.49-1024x768.jpeg 1024w, https:\/\/laquiacanoticias.ar\/wp-content\/uploads\/2026\/09\/WhatsApp-Image-2026-09-01-at-13.04.49-300x225.jpeg 300w, https:\/\/laquiacanoticias.ar\/wp-content\/uploads\/2026\/09\/WhatsApp-Image-2026-09-01-at-13.04.49-768x576.jpeg 768w, https:\/\/laquiacanoticias.ar\/wp-content\/uploads\/2026\/09\/WhatsApp-Image-2026-09-01-at-13.04.49.jpeg 1280w\" sizes=\"auto, (max-width: 1024px) 100vw, 1024px\" \/><\/figure>\n\n\n\n<p class=\"wp-block-paragraph\">Vel\u00e1zquez explic\u00f3 que la actividad surgi\u00f3 a partir de una solicitud realizada por la escuela, en articulaci\u00f3n con docentes del \u00e1rea de Biolog\u00eda. Durante la exposici\u00f3n se abordaron las caracter\u00edsticas y necesidades de distintas especies que crecen en La Quiaca, tanto nativas como ex\u00f3ticas. El t\u00e9cnico remarc\u00f3 que no todos los \u00e1rboles requieren las mismas condiciones y puso como ejemplo las diferencias entre \u00e1lamos, pinos y especies propias de la regi\u00f3n como el molle y la que\u00f1oa. Tambi\u00e9n se trabaj\u00f3 sobre los \u00e1rboles centenarios de la Plaza Centenario, como parte del patrimonio natural de la ciudad.<\/p>\n\n\n\n<figure class=\"wp-block-image size-large\"><img loading=\"lazy\" decoding=\"async\" width=\"1024\" height=\"768\" src=\"https:\/\/laquiacanoticias.ar\/wp-content\/uploads\/2026\/09\/WhatsApp-Image-2026-09-01-at-13.04.48-1024x768.jpeg\" alt=\"\" class=\"wp-image-26293\" srcset=\"https:\/\/laquiacanoticias.ar\/wp-content\/uploads\/2026\/09\/WhatsApp-Image-2026-09-01-at-13.04.48-1024x768.jpeg 1024w, https:\/\/laquiacanoticias.ar\/wp-content\/uploads\/2026\/09\/WhatsApp-Image-2026-09-01-at-13.04.48-300x225.jpeg 300w, https:\/\/laquiacanoticias.ar\/wp-content\/uploads\/2026\/09\/WhatsApp-Image-2026-09-01-at-13.04.48-768x576.jpeg 768w, https:\/\/laquiacanoticias.ar\/wp-content\/uploads\/2026\/09\/WhatsApp-Image-2026-09-01-at-13.04.48.jpeg 1280w\" sizes=\"auto, (max-width: 1024px) 100vw, 1024px\" \/><\/figure>\n\n\n\n<p class=\"wp-block-paragraph\">Uno de los ejes principales de la jornada fue generar conciencia entre los estudiantes sobre el cuidado y la preservaci\u00f3n del arbolado urbano. Desde el \u00e1rea municipal, se\u00f1al\u00f3 Vel\u00e1zquez, se busca no solamente fomentar nuevas plantaciones, sino tambi\u00e9n transmitir conocimientos que permitan comprender qu\u00e9 especies se adaptan mejor al clima y a las condiciones de la Puna. La educaci\u00f3n ambiental aparece as\u00ed como una herramienta fundamental para construir una relaci\u00f3n m\u00e1s responsable con los espacios verdes y para que las nuevas generaciones comprendan el valor que tiene cada \u00e1rbol dentro del equilibrio urbano.<\/p>\n\n\n\n<figure class=\"wp-block-image size-large\"><img loading=\"lazy\" decoding=\"async\" width=\"1024\" height=\"768\" src=\"https:\/\/laquiacanoticias.ar\/wp-content\/uploads\/2026\/09\/WhatsApp-Image-2026-09-01-at-13.04.47-1-1024x768.jpeg\" alt=\"\" class=\"wp-image-26294\" srcset=\"https:\/\/laquiacanoticias.ar\/wp-content\/uploads\/2026\/09\/WhatsApp-Image-2026-09-01-at-13.04.47-1-1024x768.jpeg 1024w, https:\/\/laquiacanoticias.ar\/wp-content\/uploads\/2026\/09\/WhatsApp-Image-2026-09-01-at-13.04.47-1-300x225.jpeg 300w, https:\/\/laquiacanoticias.ar\/wp-content\/uploads\/2026\/09\/WhatsApp-Image-2026-09-01-at-13.04.47-1-768x576.jpeg 768w, https:\/\/laquiacanoticias.ar\/wp-content\/uploads\/2026\/09\/WhatsApp-Image-2026-09-01-at-13.04.47-1.jpeg 1280w\" sizes=\"auto, (max-width: 1024px) 100vw, 1024px\" \/><\/figure>\n\n\n\n<p class=\"wp-block-paragraph\">Como parte de la actividad se plantaron <strong>cuatro \u00e1rboles: tres cipreses y un sereno<\/strong>, ejemplares solicitados formalmente por la instituci\u00f3n educativa, que asumir\u00e1 tambi\u00e9n la responsabilidad de su cuidado. La iniciativa refleja una pol\u00edtica de trabajo conjunto entre municipio y comunidad educativa, donde la concientizaci\u00f3n se traduce en acciones concretas. En una ciudad condicionada por la altura, el clima y las particularidades ambientales de la Puna, cada nueva plantaci\u00f3n representa una inversi\u00f3n a futuro y una oportunidad para fortalecer una cultura de respeto y protecci\u00f3n del ambiente.<\/p>\n","protected":false},"excerpt":{"rendered":"<p>La Direcci\u00f3n de Producci\u00f3n y Medio Ambiente de la Municipalidad de La Quiaca desarroll\u00f3 una jornada educativa en la Escuela Comercial en el marco del D\u00eda del \u00c1rbol. La actividad estuvo encabezada por el t\u00e9cnico Dar\u00edo Vel\u00e1zquez, quien brind\u00f3 una charla sobre las especies presentes en la ciudad, sus cuidados, los \u00e1rboles hist\u00f3ricos de la&#8230;<\/p>\n","protected":false},"author":2,"featured_media":26291,"comment_status":"open","ping_status":"open","sticky":false,"template":"","format":"standard","meta":{"_jetpack_memberships_contains_paid_content":false,"footnotes":"","jetpack_publicize_message":"","jetpack_publicize_feature_enabled":true,"jetpack_social_post_already_shared":true,"jetpack_social_options":{"image_generator_settings":{"template":"highway","enabled":false},"version":2}},"categories":[2],"tags":[5230,12082,7588,11986,12081,3510,5476,12080,91,8996,5575,1604,5580,282,12083],"class_list":["post-26290","post","type-post","status-publish","format-standard","has-post-thumbnail","hentry","category-jujuy","tag-arbolado-urbano","tag-cipreses","tag-dario-velazquez","tag-dia-del-arbol","tag-direccion-de-produccion-y-medio-ambiente","tag-educacion-ambiental","tag-escuela-comercial","tag-especies-nativas","tag-la-quiaca","tag-la-quiaca-noticias","tag-medio-ambiente","tag-municipalidad-de-la-quiaca","tag-plaza-centenario","tag-puna","tag-sereno"],"jetpack_publicize_connections":[],"jetpack_featured_media_url":"https:\/\/laquiacanoticias.ar\/wp-content\/uploads\/2026\/09\/WhatsApp-Image-2026-09-01-at-13.04.47.jpeg","jetpack_sharing_enabled":true,"_links":{"self":[{"href":"https:\/\/laquiacanoticias.ar\/index.php\/wp-json\/wp\/v2\/posts\/26290","targetHints":{"allow":["GET"]}}],"collection":[{"href":"https:\/\/laquiacanoticias.ar\/index.php\/wp-json\/wp\/v2\/posts"}],"about":[{"href":"https:\/\/laquiacanoticias.ar\/index.php\/wp-json\/wp\/v2\/types\/post"}],"author":[{"embeddable":true,"href":"https:\/\/laquiacanoticias.ar\/index.php\/wp-json\/wp\/v2\/users\/2"}],"replies":[{"embeddable":true,"href":"https:\/\/laquiacanoticias.ar\/index.php\/wp-json\/wp\/v2\/comments?post=26290"}],"version-history":[{"count":1,"href":"https:\/\/laquiacanoticias.ar\/index.php\/wp-json\/wp\/v2\/posts\/26290\/revisions"}],"predecessor-version":[{"id":26295,"href":"https:\/\/laquiacanoticias.ar\/index.php\/wp-json\/wp\/v2\/posts\/26290\/revisions\/26295"}],"wp:featuredmedia":[{"embeddable":true,"href":"https:\/\/laquiacanoticias.ar\/index.php\/wp-json\/wp\/v2\/media\/26291"}],"wp:attachment":[{"href":"https:\/\/laquiacanoticias.ar\/index.php\/wp-json\/wp\/v2\/media?parent=26290"}],"wp:term":[{"taxonomy":"category","embeddable":true,"href":"https:\/\/laquiacanoticias.ar\/index.php\/wp-json\/wp\/v2\/categories?post=26290"},{"taxonomy":"post_tag","embeddable":true,"href":"https:\/\/laquiacanoticias.ar\/index.php\/wp-json\/wp\/v2\/tags?post=26290"}],"curies":[{"name":"wp","href":"https:\/\/api.w.org\/{rel}","templated":true}]}}