{"id":26316,"date":"2026-09-02T13:37:00","date_gmt":"2026-09-02T16:37:00","guid":{"rendered":"https:\/\/laquiacanoticias.ar\/?p=26316"},"modified":"2026-09-02T13:37:02","modified_gmt":"2026-09-02T16:37:02","slug":"usma-la-quiaca-refuerza-la-prevencion-del-bullying-y-el-ciberbullying-con-espacios-de-escucha-para-adolescentes","status":"publish","type":"post","link":"https:\/\/laquiacanoticias.ar\/index.php\/2026\/09\/02\/usma-la-quiaca-refuerza-la-prevencion-del-bullying-y-el-ciberbullying-con-espacios-de-escucha-para-adolescentes\/","title":{"rendered":"USMA La Quiaca refuerza la prevenci\u00f3n del bullying y el ciberbullying con espacios de escucha para adolescentes"},"content":{"rendered":"\n<p class=\"wp-block-paragraph\"><strong>La Unidad de Salud Mental y Adicciones de La Quiaca profundiza durante septiembre sus acciones de prevenci\u00f3n y acompa\u00f1amiento a adolescentes, con especial atenci\u00f3n al bullying, el ciberbullying y la prevenci\u00f3n del suicidio. La directora del organismo, licenciada Cintia Villatarco, destac\u00f3 que el objetivo central no es esperar a que aparezca una urgencia, sino intervenir antes, fortaleciendo redes de contenci\u00f3n, espacios de escucha y v\u00ednculos con adultos de confianza.<\/strong><\/p>\n\n\n\n<p class=\"wp-block-paragraph\">Villatarco explic\u00f3 que USMA viene acompa\u00f1ando activamente a estudiantes que trabajan proyectos vinculados a la prevenci\u00f3n del bullying y el ciberbullying. \u201cLa idea es poder llegar antes\u201d, remarc\u00f3, al se\u00f1alar que los adolescentes necesitan contar con factores protectores que les permitan regular emociones, pedir ayuda y encontrar una persona adulta en quien confiar. En La Quiaca, el dispositivo cuenta con guardias de salud mental, consultorios de psicolog\u00eda y acompa\u00f1amiento a familiares, conformando una red de atenci\u00f3n que busca actuar tanto en la prevenci\u00f3n como en situaciones de crisis.<\/p>\n\n\n\n<figure class=\"wp-block-image size-large\"><img loading=\"lazy\" decoding=\"async\" width=\"1024\" height=\"768\" src=\"https:\/\/laquiacanoticias.ar\/wp-content\/uploads\/2026\/09\/WhatsApp-Image-2026-09-02-at-12.22.29-1024x768.jpeg\" alt=\"\" class=\"wp-image-26318\" srcset=\"https:\/\/laquiacanoticias.ar\/wp-content\/uploads\/2026\/09\/WhatsApp-Image-2026-09-02-at-12.22.29-1024x768.jpeg 1024w, https:\/\/laquiacanoticias.ar\/wp-content\/uploads\/2026\/09\/WhatsApp-Image-2026-09-02-at-12.22.29-300x225.jpeg 300w, https:\/\/laquiacanoticias.ar\/wp-content\/uploads\/2026\/09\/WhatsApp-Image-2026-09-02-at-12.22.29-768x576.jpeg 768w, https:\/\/laquiacanoticias.ar\/wp-content\/uploads\/2026\/09\/WhatsApp-Image-2026-09-02-at-12.22.29.jpeg 1280w\" sizes=\"auto, (max-width: 1024px) 100vw, 1024px\" \/><\/figure>\n\n\n\n<p class=\"wp-block-paragraph\">En el marco de la Fiesta Nacional de los Estudiantes, USMA participa adem\u00e1s con stands informativos, folleter\u00eda y actividades destinadas a visibilizar problem\u00e1ticas que atraviesan de manera directa a los j\u00f3venes. La funcionaria destac\u00f3 la buena respuesta de los estudiantes y el compromiso que vienen mostrando en talleres y campa\u00f1as dentro de las escuelas. \u201cLo importante es poder hablar\u201d, sostuvo Villatarco, subrayando la necesidad de romper mitos y silencios que muchas veces impiden detectar a tiempo situaciones de hostigamiento, aislamiento o sufrimiento emocional.<\/p>\n\n\n\n<figure class=\"wp-block-image size-large\"><img loading=\"lazy\" decoding=\"async\" width=\"1024\" height=\"768\" src=\"https:\/\/laquiacanoticias.ar\/wp-content\/uploads\/2026\/09\/WhatsApp-Image-2026-09-02-at-12.22.26-1024x768.jpeg\" alt=\"\" class=\"wp-image-26319\" srcset=\"https:\/\/laquiacanoticias.ar\/wp-content\/uploads\/2026\/09\/WhatsApp-Image-2026-09-02-at-12.22.26-1024x768.jpeg 1024w, https:\/\/laquiacanoticias.ar\/wp-content\/uploads\/2026\/09\/WhatsApp-Image-2026-09-02-at-12.22.26-300x225.jpeg 300w, https:\/\/laquiacanoticias.ar\/wp-content\/uploads\/2026\/09\/WhatsApp-Image-2026-09-02-at-12.22.26-768x576.jpeg 768w, https:\/\/laquiacanoticias.ar\/wp-content\/uploads\/2026\/09\/WhatsApp-Image-2026-09-02-at-12.22.26.jpeg 1280w\" sizes=\"auto, (max-width: 1024px) 100vw, 1024px\" \/><\/figure>\n\n\n\n<p class=\"wp-block-paragraph\">La agenda continuar\u00e1 el <strong>10 de septiembre<\/strong>, D\u00eda Mundial para la Prevenci\u00f3n del Suicidio, con una actividad prevista junto a estudiantes de distintas escuelas secundarias de La Quiaca. El enfoque volver\u00e1 a estar puesto en fortalecer factores protectores y generar espacios seguros donde los adolescentes puedan expresarse. Desde USMA tambi\u00e9n convocaron a los adultos a involucrarse, escuchar y acompa\u00f1ar, porque la prevenci\u00f3n no depende solamente de los j\u00f3venes. En ese sentido, Villatarco remarc\u00f3 adem\u00e1s el papel de los medios de comunicaci\u00f3n para visibilizar estas problem\u00e1ticas y promover una cultura donde pedir ayuda deje de ser una excepci\u00f3n y se convierta en una pr\u00e1ctica natural.<\/p>\n","protected":false},"excerpt":{"rendered":"<p>La Unidad de Salud Mental y Adicciones de La Quiaca profundiza durante septiembre sus acciones de prevenci\u00f3n y acompa\u00f1amiento a adolescentes, con especial atenci\u00f3n al bullying, el ciberbullying y la prevenci\u00f3n del suicidio. La directora del organismo, licenciada Cintia Villatarco, destac\u00f3 que el objetivo central no es esperar a que aparezca una urgencia, sino intervenir&#8230;<\/p>\n","protected":false},"author":2,"featured_media":26317,"comment_status":"open","ping_status":"open","sticky":false,"template":"","format":"standard","meta":{"_jetpack_memberships_contains_paid_content":false,"footnotes":"","jetpack_publicize_message":"","jetpack_publicize_feature_enabled":true,"jetpack_social_post_already_shared":true,"jetpack_social_options":{"image_generator_settings":{"template":"highway","enabled":false},"version":2}},"categories":[1],"tags":[7698,724,5903,10902,11018,9877,5296,81,91,8996,5303,8881,1712,2665,6696],"class_list":["post-26316","post","type-post","status-publish","format-standard","has-post-thumbnail","hentry","category-destacado","tag-acompanamiento","tag-adolescentes","tag-bullying-2","tag-ciberbullying-2","tag-cintia-villatarco","tag-escuelas-secundarias","tag-fiesta-nacional-de-los-estudiantes","tag-jujuy","tag-la-quiaca","tag-la-quiaca-noticias","tag-prevencion-del-suicidio","tag-psicologia","tag-salud-mental","tag-salud-publica","tag-usma-la-quiaca"],"jetpack_publicize_connections":[],"jetpack_featured_media_url":"https:\/\/laquiacanoticias.ar\/wp-content\/uploads\/2026\/09\/WhatsApp-Image-2026-09-02-at-12.22.12.jpeg","jetpack_sharing_enabled":true,"_links":{"self":[{"href":"https:\/\/laquiacanoticias.ar\/index.php\/wp-json\/wp\/v2\/posts\/26316","targetHints":{"allow":["GET"]}}],"collection":[{"href":"https:\/\/laquiacanoticias.ar\/index.php\/wp-json\/wp\/v2\/posts"}],"about":[{"href":"https:\/\/laquiacanoticias.ar\/index.php\/wp-json\/wp\/v2\/types\/post"}],"author":[{"embeddable":true,"href":"https:\/\/laquiacanoticias.ar\/index.php\/wp-json\/wp\/v2\/users\/2"}],"replies":[{"embeddable":true,"href":"https:\/\/laquiacanoticias.ar\/index.php\/wp-json\/wp\/v2\/comments?post=26316"}],"version-history":[{"count":1,"href":"https:\/\/laquiacanoticias.ar\/index.php\/wp-json\/wp\/v2\/posts\/26316\/revisions"}],"predecessor-version":[{"id":26320,"href":"https:\/\/laquiacanoticias.ar\/index.php\/wp-json\/wp\/v2\/posts\/26316\/revisions\/26320"}],"wp:featuredmedia":[{"embeddable":true,"href":"https:\/\/laquiacanoticias.ar\/index.php\/wp-json\/wp\/v2\/media\/26317"}],"wp:attachment":[{"href":"https:\/\/laquiacanoticias.ar\/index.php\/wp-json\/wp\/v2\/media?parent=26316"}],"wp:term":[{"taxonomy":"category","embeddable":true,"href":"https:\/\/laquiacanoticias.ar\/index.php\/wp-json\/wp\/v2\/categories?post=26316"},{"taxonomy":"post_tag","embeddable":true,"href":"https:\/\/laquiacanoticias.ar\/index.php\/wp-json\/wp\/v2\/tags?post=26316"}],"curies":[{"name":"wp","href":"https:\/\/api.w.org\/{rel}","templated":true}]}}