{"id":26329,"date":"2026-09-02T14:32:04","date_gmt":"2026-09-02T17:32:04","guid":{"rendered":"https:\/\/laquiacanoticias.ar\/?p=26329"},"modified":"2026-09-02T14:32:05","modified_gmt":"2026-09-02T17:32:05","slug":"dante-velazquez-activo-una-respuesta-inmediata-para-asistir-a-una-madre-con-dos-hijos-con-discapacidad-en-el-barrio-raul-alfonsin","status":"publish","type":"post","link":"https:\/\/laquiacanoticias.ar\/index.php\/2026\/09\/02\/dante-velazquez-activo-una-respuesta-inmediata-para-asistir-a-una-madre-con-dos-hijos-con-discapacidad-en-el-barrio-raul-alfonsin\/","title":{"rendered":"Dante Vel\u00e1zquez activ\u00f3 una respuesta inmediata para asistir a una madre con dos hijos con discapacidad en el barrio Ra\u00fal Alfons\u00edn"},"content":{"rendered":"\n<p class=\"wp-block-paragraph\"><strong>Una situaci\u00f3n de profunda vulnerabilidad social encontr\u00f3 respuesta desde la Municipalidad de La Quiaca luego de que el intendente Dante Vel\u00e1zquez tomara conocimiento del caso de Mar\u00eda Zotar, vecina del barrio Ra\u00fal Alfons\u00edn, sobre Ruta 5, madre de dos hijos con discapacidad y sost\u00e9n de un hogar monoparental. En un gesto de alta sensibilidad social, el jefe comunal dispuso que la Secretar\u00eda de Desarrollo Social, a cargo de la licenciada Anal\u00eda Mur, articulara de inmediato con Obras P\u00fablicas para avanzar en una necesidad elemental: la construcci\u00f3n de un ba\u00f1o digno para la familia.<\/strong><\/p>\n\n\n\n<p class=\"wp-block-paragraph\">A partir de esa decisi\u00f3n, el municipio moviliz\u00f3 maquinaria, personal y asistencia t\u00e9cnica para dar respuesta a una problem\u00e1tica que Mar\u00eda no pod\u00eda resolver por sus propios medios. La familia ya ven\u00eda recibiendo acompa\u00f1amiento alimentario y ropa, pero la prioridad pas\u00f3 a ser la infraestructura b\u00e1sica de la vivienda. Una de las hijas de Mar\u00eda, de 10 a\u00f1os, es trasplantada, mientras que otro de sus hijos tambi\u00e9n presenta discapacidad. \u201cSoy una mujer sola y tengo dos chicos con discapacidad\u201d, explic\u00f3 la vecina, dejando en evidencia la enorme carga cotidiana que afronta. Para el municipio, garantizar un ba\u00f1o adecuado no es una mejora secundaria, sino una condici\u00f3n m\u00ednima de higiene, salud, accesibilidad y dignidad.<\/p>\n\n\n\n<figure class=\"wp-block-image size-large\"><img loading=\"lazy\" decoding=\"async\" width=\"1024\" height=\"768\" src=\"https:\/\/laquiacanoticias.ar\/wp-content\/uploads\/2026\/09\/WhatsApp-Image-2026-09-02-at-12.40.21-1-1024x768.jpeg\" alt=\"\" class=\"wp-image-26331\" srcset=\"https:\/\/laquiacanoticias.ar\/wp-content\/uploads\/2026\/09\/WhatsApp-Image-2026-09-02-at-12.40.21-1-1024x768.jpeg 1024w, https:\/\/laquiacanoticias.ar\/wp-content\/uploads\/2026\/09\/WhatsApp-Image-2026-09-02-at-12.40.21-1-300x225.jpeg 300w, https:\/\/laquiacanoticias.ar\/wp-content\/uploads\/2026\/09\/WhatsApp-Image-2026-09-02-at-12.40.21-1-768x576.jpeg 768w, https:\/\/laquiacanoticias.ar\/wp-content\/uploads\/2026\/09\/WhatsApp-Image-2026-09-02-at-12.40.21-1.jpeg 1280w\" sizes=\"auto, (max-width: 1024px) 100vw, 1024px\" \/><\/figure>\n\n\n\n<p class=\"wp-block-paragraph\">La licenciada Anal\u00eda Mur destac\u00f3 que la intervenci\u00f3n se pudo concretar gracias a la decisi\u00f3n pol\u00edtica del intendente Vel\u00e1zquez y al trabajo conjunto entre Desarrollo Social, Obras P\u00fablicas y los equipos operativos municipales. La funcionaria remarc\u00f3 que este tipo de situaciones requieren presencia estatal, pero tambi\u00e9n una comunidad dispuesta a acompa\u00f1ar. En barrios nuevos como Ra\u00fal Alfons\u00edn, donde muchas familias todav\u00eda est\u00e1n consolidando sus viviendas y servicios, la articulaci\u00f3n entre municipio y vecinos resulta clave para resolver necesidades urgentes.<\/p>\n\n\n\n<figure class=\"wp-block-image size-large\"><img loading=\"lazy\" decoding=\"async\" width=\"1024\" height=\"768\" src=\"https:\/\/laquiacanoticias.ar\/wp-content\/uploads\/2026\/09\/WhatsApp-Image-2026-09-02-at-12.40.18-1024x768.jpeg\" alt=\"\" class=\"wp-image-26332\" srcset=\"https:\/\/laquiacanoticias.ar\/wp-content\/uploads\/2026\/09\/WhatsApp-Image-2026-09-02-at-12.40.18-1024x768.jpeg 1024w, https:\/\/laquiacanoticias.ar\/wp-content\/uploads\/2026\/09\/WhatsApp-Image-2026-09-02-at-12.40.18-300x225.jpeg 300w, https:\/\/laquiacanoticias.ar\/wp-content\/uploads\/2026\/09\/WhatsApp-Image-2026-09-02-at-12.40.18-768x576.jpeg 768w, https:\/\/laquiacanoticias.ar\/wp-content\/uploads\/2026\/09\/WhatsApp-Image-2026-09-02-at-12.40.18.jpeg 1280w\" sizes=\"auto, (max-width: 1024px) 100vw, 1024px\" \/><\/figure>\n\n\n\n<p class=\"wp-block-paragraph\">La asistencia a Mar\u00eda Zotar expresa una l\u00ednea de gesti\u00f3n que busca acercar el Estado municipal a los problemas concretos de las familias. Vel\u00e1zquez no se limit\u00f3 a recibir el planteo: <strong>orden\u00f3 intervenir y encaminar una soluci\u00f3n<\/strong>, priorizando una situaci\u00f3n de vulnerabilidad que no pod\u00eda esperar. En tiempos donde la pol\u00edtica suele medirse en discursos, la respuesta en el barrio Ra\u00fal Alfons\u00edn muestra otra l\u00f3gica: escuchar, identificar la urgencia y actuar. Para Mar\u00eda y sus hijos, esa decisi\u00f3n significa avanzar hacia algo tan b\u00e1sico como esencial: vivir con mayor dignidad.<\/p>\n","protected":false},"excerpt":{"rendered":"<p>Una situaci\u00f3n de profunda vulnerabilidad social encontr\u00f3 respuesta desde la Municipalidad de La Quiaca luego de que el intendente Dante Vel\u00e1zquez tomara conocimiento del caso de Mar\u00eda Zotar, vecina del barrio Ra\u00fal Alfons\u00edn, sobre Ruta 5, madre de dos hijos con discapacidad y sost\u00e9n de un hogar monoparental. En un gesto de alta sensibilidad social,&#8230;<\/p>\n","protected":false},"author":2,"featured_media":26330,"comment_status":"open","ping_status":"open","sticky":false,"template":"","format":"standard","meta":{"_jetpack_memberships_contains_paid_content":false,"footnotes":"","jetpack_publicize_message":"","jetpack_publicize_feature_enabled":true,"jetpack_social_post_already_shared":true,"jetpack_social_options":{"image_generator_settings":{"template":"highway","enabled":false},"version":2}},"categories":[1],"tags":[3382,7863,9110,2097,307,829,352,81,91,8996,12092,1604,2230,5448],"class_list":["post-26329","post","type-post","status-publish","format-standard","has-post-thumbnail","hentry","category-destacado","tag-analia-mur","tag-asistencia-social","tag-barrio-raul-alfonsin","tag-dante-velazquez-2","tag-desarrollo-social","tag-discapacidad","tag-inclusion","tag-jujuy","tag-la-quiaca","tag-la-quiaca-noticias","tag-maria-zotar","tag-municipalidad-de-la-quiaca","tag-obras-publicas","tag-ruta-5"],"jetpack_publicize_connections":[],"jetpack_featured_media_url":"https:\/\/laquiacanoticias.ar\/wp-content\/uploads\/2026\/09\/WhatsApp-Image-2026-09-02-at-12.40.13-1.jpeg","jetpack_sharing_enabled":true,"_links":{"self":[{"href":"https:\/\/laquiacanoticias.ar\/index.php\/wp-json\/wp\/v2\/posts\/26329","targetHints":{"allow":["GET"]}}],"collection":[{"href":"https:\/\/laquiacanoticias.ar\/index.php\/wp-json\/wp\/v2\/posts"}],"about":[{"href":"https:\/\/laquiacanoticias.ar\/index.php\/wp-json\/wp\/v2\/types\/post"}],"author":[{"embeddable":true,"href":"https:\/\/laquiacanoticias.ar\/index.php\/wp-json\/wp\/v2\/users\/2"}],"replies":[{"embeddable":true,"href":"https:\/\/laquiacanoticias.ar\/index.php\/wp-json\/wp\/v2\/comments?post=26329"}],"version-history":[{"count":1,"href":"https:\/\/laquiacanoticias.ar\/index.php\/wp-json\/wp\/v2\/posts\/26329\/revisions"}],"predecessor-version":[{"id":26333,"href":"https:\/\/laquiacanoticias.ar\/index.php\/wp-json\/wp\/v2\/posts\/26329\/revisions\/26333"}],"wp:featuredmedia":[{"embeddable":true,"href":"https:\/\/laquiacanoticias.ar\/index.php\/wp-json\/wp\/v2\/media\/26330"}],"wp:attachment":[{"href":"https:\/\/laquiacanoticias.ar\/index.php\/wp-json\/wp\/v2\/media?parent=26329"}],"wp:term":[{"taxonomy":"category","embeddable":true,"href":"https:\/\/laquiacanoticias.ar\/index.php\/wp-json\/wp\/v2\/categories?post=26329"},{"taxonomy":"post_tag","embeddable":true,"href":"https:\/\/laquiacanoticias.ar\/index.php\/wp-json\/wp\/v2\/tags?post=26329"}],"curies":[{"name":"wp","href":"https:\/\/api.w.org\/{rel}","templated":true}]}}