{"id":26348,"date":"2026-09-04T10:24:06","date_gmt":"2026-09-04T13:24:06","guid":{"rendered":"https:\/\/laquiacanoticias.ar\/?p=26348"},"modified":"2026-09-04T12:56:33","modified_gmt":"2026-09-04T15:56:33","slug":"la-quiaca-despide-con-pesar-a-ruben-jorge-rivas-y-acompana-a-su-familia-en-este-momento-de-dolor","status":"publish","type":"post","link":"https:\/\/laquiacanoticias.ar\/index.php\/2026\/09\/04\/la-quiaca-despide-con-pesar-a-ruben-jorge-rivas-y-acompana-a-su-familia-en-este-momento-de-dolor\/","title":{"rendered":"La Quiaca despide con pesar a Rub\u00e9n Jorge Rivas y acompa\u00f1a a su familia en este momento de dolor"},"content":{"rendered":"\n<p class=\"wp-block-paragraph\"><strong>La Municipalidad de La Quiaca expres\u00f3 su profundo pesar por el fallecimiento de Rub\u00e9n Jorge Rivas, vecino de la ciudad, el Intendente Dante Vel\u00e1zquez acompa\u00f1\u00f3 con un mensaje de condolencias a sus familiares, amigos y seres queridos. Desde el Ejecutivo municipal destacaron el valor del acompa\u00f1amiento comunitario en momentos de p\u00e9rdida y transmitieron su cercan\u00eda a toda la familia.<\/strong><\/p>\n\n\n\n<p class=\"wp-block-paragraph\">La noticia gener\u00f3 pesar en la comunidad quiaque\u00f1a y motiv\u00f3 un mensaje institucional de la Municipalidad, que manifest\u00f3 su acompa\u00f1amiento ante una p\u00e9rdida profundamente sensible. En la comunicaci\u00f3n oficial se expres\u00f3 el deseo de hacer llegar \u201cun abrazo fraterno\u201d a los familiares y allegados, compartiendo el dolor por la partida de quien dej\u00f3 parte de su vida y sus afectos en la comunidad.<\/p>\n\n\n\n<p class=\"wp-block-paragraph\">Desde la comuna remarcaron tambi\u00e9n la importancia de sostener los lazos humanos en momentos de tristeza, especialmente cuando una familia atraviesa una p\u00e9rdida irreparable. El mensaje busc\u00f3 transmitir respeto, cercan\u00eda y contenci\u00f3n, en una jornada marcada por el recogimiento.<\/p>\n\n\n\n<p class=\"wp-block-paragraph\">El intendente <strong>Dante Vel\u00e1zquez<\/strong> y todo el Departamento Ejecutivo Municipal hicieron llegar sus m\u00e1s sinceras condolencias, acompa\u00f1ando a la familia Rivas en este dif\u00edcil momento. La despedida institucional concluy\u00f3 con una expresi\u00f3n de fe y consuelo: <strong>\u201cQue Dios lo reciba en su eterna morada y brinde consuelo a sus seres queridos\u201d.<\/strong><\/p>\n","protected":false},"excerpt":{"rendered":"<p>La Municipalidad de La Quiaca expres\u00f3 su profundo pesar por el fallecimiento de Rub\u00e9n Jorge Rivas, vecino de la ciudad, el Intendente Dante Vel\u00e1zquez acompa\u00f1\u00f3 con un mensaje de condolencias a sus familiares, amigos y seres queridos. Desde el Ejecutivo municipal destacaron el valor del acompa\u00f1amiento comunitario en momentos de p\u00e9rdida y transmitieron su cercan\u00eda&#8230;<\/p>\n","protected":false},"author":2,"featured_media":26350,"comment_status":"open","ping_status":"open","sticky":false,"template":"","format":"standard","meta":{"_jetpack_memberships_contains_paid_content":false,"footnotes":"","jetpack_publicize_message":"","jetpack_publicize_feature_enabled":true,"jetpack_social_post_already_shared":true,"jetpack_social_options":{"image_generator_settings":{"template":"highway","enabled":false},"version":2}},"categories":[1],"tags":[7698,6698,11675,2097,12099,10462,81,91,1604,12098],"class_list":["post-26348","post","type-post","status-publish","format-standard","has-post-thumbnail","hentry","category-destacado","tag-acompanamiento","tag-comunidad-quiaquena","tag-condolencias","tag-dante-velazquez-2","tag-duelo","tag-fallecimiento","tag-jujuy","tag-la-quiaca","tag-municipalidad-de-la-quiaca","tag-ruben-jorge-rivas"],"jetpack_publicize_connections":[],"jetpack_featured_media_url":"https:\/\/laquiacanoticias.ar\/wp-content\/uploads\/2026\/09\/WhatsApp-Image-2026-09-04-at-10.18.41-1.jpeg","jetpack_sharing_enabled":true,"_links":{"self":[{"href":"https:\/\/laquiacanoticias.ar\/index.php\/wp-json\/wp\/v2\/posts\/26348","targetHints":{"allow":["GET"]}}],"collection":[{"href":"https:\/\/laquiacanoticias.ar\/index.php\/wp-json\/wp\/v2\/posts"}],"about":[{"href":"https:\/\/laquiacanoticias.ar\/index.php\/wp-json\/wp\/v2\/types\/post"}],"author":[{"embeddable":true,"href":"https:\/\/laquiacanoticias.ar\/index.php\/wp-json\/wp\/v2\/users\/2"}],"replies":[{"embeddable":true,"href":"https:\/\/laquiacanoticias.ar\/index.php\/wp-json\/wp\/v2\/comments?post=26348"}],"version-history":[{"count":2,"href":"https:\/\/laquiacanoticias.ar\/index.php\/wp-json\/wp\/v2\/posts\/26348\/revisions"}],"predecessor-version":[{"id":26362,"href":"https:\/\/laquiacanoticias.ar\/index.php\/wp-json\/wp\/v2\/posts\/26348\/revisions\/26362"}],"wp:featuredmedia":[{"embeddable":true,"href":"https:\/\/laquiacanoticias.ar\/index.php\/wp-json\/wp\/v2\/media\/26350"}],"wp:attachment":[{"href":"https:\/\/laquiacanoticias.ar\/index.php\/wp-json\/wp\/v2\/media?parent=26348"}],"wp:term":[{"taxonomy":"category","embeddable":true,"href":"https:\/\/laquiacanoticias.ar\/index.php\/wp-json\/wp\/v2\/categories?post=26348"},{"taxonomy":"post_tag","embeddable":true,"href":"https:\/\/laquiacanoticias.ar\/index.php\/wp-json\/wp\/v2\/tags?post=26348"}],"curies":[{"name":"wp","href":"https:\/\/api.w.org\/{rel}","templated":true}]}}