{"id":26355,"date":"2026-09-04T12:53:12","date_gmt":"2026-09-04T15:53:12","guid":{"rendered":"https:\/\/laquiacanoticias.ar\/?p=26355"},"modified":"2026-09-04T12:53:14","modified_gmt":"2026-09-04T15:53:14","slug":"dante-velazquez-anuncio-becas-municipales-para-que-jovenes-de-la-quiaca-puedan-estudiar-medicina","status":"publish","type":"post","link":"https:\/\/laquiacanoticias.ar\/index.php\/2026\/09\/04\/dante-velazquez-anuncio-becas-municipales-para-que-jovenes-de-la-quiaca-puedan-estudiar-medicina\/","title":{"rendered":"Dante Vel\u00e1zquez anunci\u00f3 becas municipales para que j\u00f3venes de La Quiaca puedan estudiar Medicina"},"content":{"rendered":"\n<p class=\"wp-block-paragraph\"><strong>La presentaci\u00f3n de la Carrera de Medicina en La Quiaca dej\u00f3 una noticia de enorme impacto para los estudiantes de la Puna. El intendente Dante Vel\u00e1zquez anunci\u00f3 que la Municipalidad otorgar\u00e1 becas alimentarias complementarias a los j\u00f3venes quiaque\u00f1os que logren ingresar a la carrera y accedan al programa provincial de acompa\u00f1amiento. La decisi\u00f3n se suma al trabajo iniciado mediante el convenio de extensi\u00f3n universitaria con la Universidad Nacional de Jujuy y busca atacar uno de los principales obst\u00e1culos para estudiar lejos del hogar: el costo cotidiano de sostenerse mientras se cursa una carrera universitaria.<\/strong><\/p>\n\n\n\n<figure class=\"wp-block-image size-large\"><img loading=\"lazy\" decoding=\"async\" width=\"1024\" height=\"682\" src=\"https:\/\/laquiacanoticias.ar\/wp-content\/uploads\/2026\/09\/WhatsApp-Image-2026-09-04-at-12.16.22-1-1024x682.jpeg\" alt=\"\" class=\"wp-image-26357\" srcset=\"https:\/\/laquiacanoticias.ar\/wp-content\/uploads\/2026\/09\/WhatsApp-Image-2026-09-04-at-12.16.22-1-1024x682.jpeg 1024w, https:\/\/laquiacanoticias.ar\/wp-content\/uploads\/2026\/09\/WhatsApp-Image-2026-09-04-at-12.16.22-1-300x200-1.jpeg 300w, https:\/\/laquiacanoticias.ar\/wp-content\/uploads\/2026\/09\/WhatsApp-Image-2026-09-04-at-12.16.22-1-767x511.jpeg 767w, https:\/\/laquiacanoticias.ar\/wp-content\/uploads\/2026\/09\/WhatsApp-Image-2026-09-04-at-12.16.22-1-1536x1023.jpeg 1536w, https:\/\/laquiacanoticias.ar\/wp-content\/uploads\/2026\/09\/WhatsApp-Image-2026-09-04-at-12.16.22-1-600x400.jpeg 600w, https:\/\/laquiacanoticias.ar\/wp-content\/uploads\/2026\/09\/WhatsApp-Image-2026-09-04-at-12.16.22-1-820x545.jpeg 820w, https:\/\/laquiacanoticias.ar\/wp-content\/uploads\/2026\/09\/WhatsApp-Image-2026-09-04-at-12.16.22-1.jpeg 1600w\" sizes=\"auto, (max-width: 1024px) 100vw, 1024px\" \/><\/figure>\n\n\n\n<p class=\"wp-block-paragraph\">Vel\u00e1zquez record\u00f3 que la articulaci\u00f3n con la <strong>Universidad Nacional de Jujuy<\/strong> comenz\u00f3 antes del lanzamiento de Medicina, a partir de un convenio pensado para ampliar la presencia universitaria y acercar oportunidades acad\u00e9micas a La Quiaca. Cuando se conoci\u00f3 la creaci\u00f3n de la nueva carrera, explic\u00f3, comenz\u00f3 inmediatamente a gestionar oportunidades para los estudiantes de la Puna. El objetivo es romper con una hist\u00f3rica desigualdad territorial: durante d\u00e9cadas, estudiar Medicina signific\u00f3 para una familia quiaque\u00f1a afrontar alquiler, alimentaci\u00f3n, transporte y materiales en provincias como C\u00f3rdoba, Tucum\u00e1n, Buenos Aires o Salta. Hoy la posibilidad existe dentro de Jujuy y el municipio pretende ayudar a que la distancia econ\u00f3mica no vuelva a convertirse en una barrera.<\/p>\n\n\n\n<figure class=\"wp-block-image size-large\"><img loading=\"lazy\" decoding=\"async\" width=\"1024\" height=\"682\" src=\"https:\/\/laquiacanoticias.ar\/wp-content\/uploads\/2026\/09\/WhatsApp-Image-2026-09-04-at-12.16.21-1-1024x682.jpeg\" alt=\"\" class=\"wp-image-26359\" srcset=\"https:\/\/laquiacanoticias.ar\/wp-content\/uploads\/2026\/09\/WhatsApp-Image-2026-09-04-at-12.16.21-1-1024x682.jpeg 1024w, https:\/\/laquiacanoticias.ar\/wp-content\/uploads\/2026\/09\/WhatsApp-Image-2026-09-04-at-12.16.21-1-767x511.jpeg 767w, https:\/\/laquiacanoticias.ar\/wp-content\/uploads\/2026\/09\/WhatsApp-Image-2026-09-04-at-12.16.21-1-300x200-1.jpeg 300w, https:\/\/laquiacanoticias.ar\/wp-content\/uploads\/2026\/09\/WhatsApp-Image-2026-09-04-at-12.16.21-1-1536x1023.jpeg 1536w, https:\/\/laquiacanoticias.ar\/wp-content\/uploads\/2026\/09\/WhatsApp-Image-2026-09-04-at-12.16.21-1-820x545.jpeg 820w, https:\/\/laquiacanoticias.ar\/wp-content\/uploads\/2026\/09\/WhatsApp-Image-2026-09-04-at-12.16.21-1-600x400.jpeg 600w, https:\/\/laquiacanoticias.ar\/wp-content\/uploads\/2026\/09\/WhatsApp-Image-2026-09-04-at-12.16.21-1.jpeg 1600w\" sizes=\"auto, (max-width: 1024px) 100vw, 1024px\" \/><\/figure>\n\n\n\n<p class=\"wp-block-paragraph\">El anuncio m\u00e1s importante fue concreto. Los j\u00f3venes que califiquen, ingresen a Medicina y accedan al esquema de apoyo existente podr\u00e1n recibir adem\u00e1s <strong>una beca municipal destinada a alimentaci\u00f3n<\/strong>. De esta manera, al acompa\u00f1amiento que contempla vivienda y est\u00edmulo econ\u00f3mico para materiales de estudio se incorporar\u00eda un aporte de la Municipalidad de La Quiaca para cubrir parte de los gastos diarios. \u201cNosotros vamos a acompa\u00f1ar\u201d, afirm\u00f3 Vel\u00e1zquez, quien plante\u00f3 que apostar por los j\u00f3venes no constituye solamente una decisi\u00f3n de gobierno, sino una obligaci\u00f3n institucional frente a una generaci\u00f3n que necesita m\u00e1s oportunidades que las que tuvieron sus padres.<\/p>\n\n\n\n<figure class=\"wp-block-image size-large\"><img loading=\"lazy\" decoding=\"async\" width=\"1024\" height=\"768\" src=\"https:\/\/laquiacanoticias.ar\/wp-content\/uploads\/2026\/09\/WhatsApp-Image-2026-09-04-at-12.16.24-1024x768.jpeg\" alt=\"\" class=\"wp-image-26358\" srcset=\"https:\/\/laquiacanoticias.ar\/wp-content\/uploads\/2026\/09\/WhatsApp-Image-2026-09-04-at-12.16.24-1024x768.jpeg 1024w, https:\/\/laquiacanoticias.ar\/wp-content\/uploads\/2026\/09\/WhatsApp-Image-2026-09-04-at-12.16.24-300x225.jpeg 300w, https:\/\/laquiacanoticias.ar\/wp-content\/uploads\/2026\/09\/WhatsApp-Image-2026-09-04-at-12.16.24-768x576.jpeg 768w, https:\/\/laquiacanoticias.ar\/wp-content\/uploads\/2026\/09\/WhatsApp-Image-2026-09-04-at-12.16.24.jpeg 1280w\" sizes=\"auto, (max-width: 1024px) 100vw, 1024px\" \/><\/figure>\n\n\n\n<p class=\"wp-block-paragraph\">El intendente dirigi\u00f3 adem\u00e1s un mensaje especialmente enf\u00e1tico a los estudiantes secundarios. Les pidi\u00f3 que no se autoexcluyan, que se inscriban y que entiendan que la posibilidad de convertirse en m\u00e9dicos ya no pertenece exclusivamente a quienes nacieron cerca de los grandes centros universitarios. Incluso relat\u00f3 el caso de un joven de la Escuela de Comercio que hab\u00eda expresado p\u00fablicamente su vocaci\u00f3n de estudiar Medicina y a quien le se\u00f1al\u00f3 que ahora ten\u00eda una oportunidad concreta. La consigna fue sencilla: <strong>el apoyo estar\u00e1, pero la condici\u00f3n ser\u00e1 estudiar, sostener el esfuerzo y aprovechar la posibilidad<\/strong>.<\/p>\n\n\n\n<p class=\"wp-block-paragraph\">La iniciativa adquiere todav\u00eda mayor relevancia frente a la escasa representaci\u00f3n actual de estudiantes pune\u00f1os en la carrera. El desaf\u00edo ya no es solamente ampliar cupos, sino generar condiciones para que efectivamente puedan ser ocupados por j\u00f3venes de La Quiaca y de toda la regi\u00f3n. La articulaci\u00f3n entre Provincia, Universidad y Municipio empieza as\u00ed a traducirse en una pol\u00edtica territorial concreta: acercar la universidad, reducir las barreras econ\u00f3micas y formar profesionales que ma\u00f1ana puedan regresar a sus comunidades. Vel\u00e1zquez sintetiz\u00f3 el objetivo con una aspiraci\u00f3n que trasciende una gesti\u00f3n: <strong>\u201cQueremos tener m\u00e9dicos que sean quiaque\u00f1os\u201d<\/strong>.<\/p>\n","protected":false},"excerpt":{"rendered":"<p>La presentaci\u00f3n de la Carrera de Medicina en La Quiaca dej\u00f3 una noticia de enorme impacto para los estudiantes de la Puna. El intendente Dante Vel\u00e1zquez anunci\u00f3 que la Municipalidad otorgar\u00e1 becas alimentarias complementarias a los j\u00f3venes quiaque\u00f1os que logren ingresar a la carrera y accedan al programa provincial de acompa\u00f1amiento. La decisi\u00f3n se suma&#8230;<\/p>\n","protected":false},"author":2,"featured_media":26356,"comment_status":"open","ping_status":"open","sticky":false,"template":"","format":"standard","meta":{"_jetpack_memberships_contains_paid_content":false,"footnotes":"","jetpack_publicize_message":"","jetpack_publicize_feature_enabled":true,"jetpack_social_post_already_shared":true,"jetpack_social_options":{"image_generator_settings":{"template":"highway","enabled":false},"version":2}},"categories":[1],"tags":[12106,12108,12100,2097,2521,8318,675,12107,6363,91,12109,1604,12110,106,9429,567],"class_list":["post-26355","post","type-post","status-publish","format-standard","has-post-thumbnail","hentry","category-destacado","tag-becas-alimentarias","tag-becas-municipales","tag-carrera-de-medicina","tag-dante-velazquez-2","tag-educacion-publica","tag-educacion-superior","tag-estudiantes","tag-extension-universitaria","tag-jovenes-de-la-puna","tag-la-quiaca","tag-medicina-jujuy","tag-municipalidad-de-la-quiaca","tag-oportunidades-educativas","tag-salud","tag-universidad-nacional-de-jujuy","tag-unju"],"jetpack_publicize_connections":[],"jetpack_featured_media_url":"https:\/\/laquiacanoticias.ar\/wp-content\/uploads\/2026\/09\/WhatsApp-Image-2026-09-04-at-12.16.22-2.jpeg","jetpack_sharing_enabled":true,"_links":{"self":[{"href":"https:\/\/laquiacanoticias.ar\/index.php\/wp-json\/wp\/v2\/posts\/26355","targetHints":{"allow":["GET"]}}],"collection":[{"href":"https:\/\/laquiacanoticias.ar\/index.php\/wp-json\/wp\/v2\/posts"}],"about":[{"href":"https:\/\/laquiacanoticias.ar\/index.php\/wp-json\/wp\/v2\/types\/post"}],"author":[{"embeddable":true,"href":"https:\/\/laquiacanoticias.ar\/index.php\/wp-json\/wp\/v2\/users\/2"}],"replies":[{"embeddable":true,"href":"https:\/\/laquiacanoticias.ar\/index.php\/wp-json\/wp\/v2\/comments?post=26355"}],"version-history":[{"count":1,"href":"https:\/\/laquiacanoticias.ar\/index.php\/wp-json\/wp\/v2\/posts\/26355\/revisions"}],"predecessor-version":[{"id":26360,"href":"https:\/\/laquiacanoticias.ar\/index.php\/wp-json\/wp\/v2\/posts\/26355\/revisions\/26360"}],"wp:featuredmedia":[{"embeddable":true,"href":"https:\/\/laquiacanoticias.ar\/index.php\/wp-json\/wp\/v2\/media\/26356"}],"wp:attachment":[{"href":"https:\/\/laquiacanoticias.ar\/index.php\/wp-json\/wp\/v2\/media?parent=26355"}],"wp:term":[{"taxonomy":"category","embeddable":true,"href":"https:\/\/laquiacanoticias.ar\/index.php\/wp-json\/wp\/v2\/categories?post=26355"},{"taxonomy":"post_tag","embeddable":true,"href":"https:\/\/laquiacanoticias.ar\/index.php\/wp-json\/wp\/v2\/tags?post=26355"}],"curies":[{"name":"wp","href":"https:\/\/api.w.org\/{rel}","templated":true}]}}